{"id":50399,"date":"2025-10-08T12:10:09","date_gmt":"2025-10-08T12:10:09","guid":{"rendered":"https:\/\/www.europesays.com\/se\/50399\/"},"modified":"2025-10-08T12:10:09","modified_gmt":"2025-10-08T12:10:09","slug":"ny-bevisning-stoder-anvandningen-av-a-tac-for-att-vagleda-tidig-bedomning-av-barn-inom-barn-och-ungdomspsykiatrin","status":"publish","type":"post","link":"https:\/\/www.europesays.com\/se\/50399\/","title":{"rendered":"Ny bevisning st\u00f6der anv\u00e4ndningen av A-TAC f\u00f6r att v\u00e4gleda tidig bed\u00f6mning av barn inom barn- och ungdomspsykiatrin"},"content":{"rendered":"<p>Under de senaste \u00e5ren har Sverige \u2013 liksom m\u00e5nga andra l\u00e4nder \u2013 sett en kraftig \u00f6kning av remisser till barn- och ungdomspsykiatrin (BUP). M\u00e5nga barn skickas f\u00f6r specialistbed\u00f6mning, trots att inte alla beh\u00f6ver en s\u00e5 omfattande utredning. Tillf\u00f6rlitliga screeningverktyg kan bidra till att barn snabbare f\u00e5r r\u00e4tt v\u00e5rdniv\u00e5, vilket frig\u00f6r resurser f\u00f6r dem som beh\u00f6ver specialiserat st\u00f6d.<\/p>\n<p>Bild<\/p>\n<p>                  <img fetchpriority=\"high\" decoding=\"async\" loading=\"eager\" width=\"512\" height=\"341\" src=\"https:\/\/www.europesays.com\/se\/wp-content\/uploads\/2025\/10\/pile-papers-doctor.jpg\" alt=\"Pile of papers in front of a medical professional\"\/><\/p>\n<p>En stor svensk studie har bekr\u00e4ftat att ett v\u00e4lanv\u00e4nt omfattande bed\u00f6mningsverktyg med 96 fr\u00e5gor \u2013 <a href=\"https:\/\/www.gu.se\/gnc\/gncs-resurser\/screeningformular-och-protokoll\/a-tac-screeningformular\" data-entity-type=\"node\" data-entity-uuid=\"6a2f73df-6999-4884-b0a2-50da5be9c63e\" data-entity-substitution=\"canonical\" title=\"A-TAC screeningformul\u00e4r\" rel=\"nofollow noopener\" target=\"_blank\">Autism-Tics, ADHD och andra komorbiditeter-inventoriet (A-TAC) <\/a>\u2013 \u00e4r ett effektivt s\u00e4tt att screena barn f\u00f6r flera stora neuropsykiatriska tillst\u00e5nd s\u00e5som autism och ADHD. A-TAC \u00e4r en telefonintervju som utvecklats av Christopher Gillberg och hans forskargrupp vid G\u00f6teborgs universitet f\u00f6r anv\u00e4ndning i CATSS (Child and Adolescent Twin Study in Sweden). Den kan anv\u00e4ndas \u00e4ven av personer som inte \u00e4r barnpsykiatriker.<\/p>\n<p>Forskningen, som publicerats i BMC Psychiatry av Gillbergcentrum vid G\u00f6teborgs universitet och andra svenska institutioner, testade hur v\u00e4l A-TAC kunde identifiera barn med kliniska diagnoser j\u00e4mf\u00f6rt med fullst\u00e4ndiga psykiatriska utredningar.<\/p>\n<p>S\u00e5 gick studien till<\/p>\n<p>Forskarna h\u00e4mtade deltagare fr\u00e5n den svenska tvillingstudien CATSS \u2013 ett l\u00e5ngsiktigt projekt som f\u00f6ljer tusentals tvillingar \u00f6ver hela landet. F\u00f6r denna studie fokuserade teamet p\u00e5 263 barn i \u00e5ldrarna 9\u201310 \u00e5r, inklusive b\u00e5de barn som screenats positivt f\u00f6r m\u00f6jliga neuropsykiatriska sv\u00e5righeter och ett mindre antal barn som screenats negativt.<\/p>\n<blockquote>\n<p>Bild<\/p>\n<p>                  <img decoding=\"async\" loading=\"eager\" width=\"512\" height=\"341\" src=\"https:\/\/www.europesays.com\/se\/wp-content\/uploads\/2025\/10\/boy-father-doctor.jpeg\" alt=\"Boy being checked by doctor with his father\"\/><\/p>\n<\/blockquote>\n<p>Varje barn genomgick en grundlig klinisk bed\u00f6mning av utbildade psykologer och psykiatriker \u2013 inklusive strukturerade intervjuer, standardiserade fr\u00e5geformul\u00e4r och intelligenstest. Viktigt var att dessa kliniker inte k\u00e4nde till barnens A-TAC-resultat i f\u00f6rv\u00e4g.<\/p>\n<p>Forskarna j\u00e4mf\u00f6rde sedan A-TAC-resultaten med de officiella kliniska diagnoserna f\u00f6r att se hur v\u00e4l verktyget kunde uppt\u00e4cka olika tillst\u00e5nd.<\/p>\n<p>Viktiga resultat<\/p>\n<p>A-TAC visade sig vara ett tillf\u00f6rlitligt screeningverktyg f\u00f6r de flesta neuropsykiatriska tillst\u00e5nd, s\u00e5som autismspektrumtillst\u00e5nd (AST), ADHD och tics. Noggrannheten (m\u00e4tt med \u201darea under the curve\u201d, eller AUC) l\u00e5g mellan 0,81 och 0,96 f\u00f6r de flesta diagnoser \u2013 vilket anses vara \u201dbra\u201d till \u201dutm\u00e4rkt\u201d enligt psykometriska standarder.<\/p>\n<p>Verktyget var dock mindre tillf\u00f6rlitligt f\u00f6r att uppt\u00e4cka motorisk koordinationsst\u00f6rning (DCD), en motorisk sv\u00e5righet som ofta f\u00e5r mindre uppm\u00e4rksamhet b\u00e5de offentligt och kliniskt.<\/p>\n<p>Bild<\/p>\n<p>                  <img decoding=\"async\" loading=\"eager\" width=\"512\" height=\"341\" src=\"https:\/\/www.europesays.com\/se\/wp-content\/uploads\/2025\/10\/child-falling-egg-floor.jpg\" alt=\"Child falling over and dropping eggs\"\/><\/p>\n<p>Studien visade ocks\u00e5 att \u00f6ver 40 % av barnen med en neuropsykiatrisk diagnos uppfyllde kriterierna f\u00f6r minst ytterligare ett tillst\u00e5nd. Till exempel hade barn med ADHD ofta \u00e4ven symtom p\u00e5 \u00e5ngest, tics eller autistiska drag. Detta understryker vikten av att kliniker har en bred och helhetsinriktad syn vid bed\u00f6mning av barn, snarare \u00e4n att fokusera p\u00e5 en enskild problematik.<\/p>\n<p>Bild<\/p>\n<p>                  <img decoding=\"async\" loading=\"eager\" width=\"168\" height=\"218\" src=\"https:\/\/www.europesays.com\/se\/wp-content\/uploads\/2025\/10\/sebastian-lundstrom.JPG\" alt=\"Sebastian Lundstr\u00f6m\"\/><\/p>\n<p>Sebastian Lundstr\u00f6m<\/p>\n<p>Vad resultaten betyder<\/p>\n<p>Resultaten tyder p\u00e5 att A-TAC \u00e4r ett effektivt verktyg f\u00f6r att skilja mellan barn som sannolikt beh\u00f6ver specialistutredning och de som inte g\u00f6r det. Samtidigt betonar forskarna att verktyget inte kan ers\u00e4tta en fullst\u00e4ndig klinisk bed\u00f6mning.<\/p>\n<p>\u201dA-TAC kan bidra till att identifiera neuropsykiatriska problem b\u00e5de i kliniska och befolkningsbaserade sammanhang,\u201d s\u00e4ger professor och psykolog Sebastian Lundstr\u00f6m vid Gillbergcentrum. \u201dMen det ska aldrig anv\u00e4ndas f\u00f6r att avg\u00f6ra om en individ ska f\u00e5 tillg\u00e5ng till specialistv\u00e5rd.\u201d<\/p>\n<p>Forskarna noterade ocks\u00e5 att \u00e4ven om ADHD och autism uppt\u00e4cktes relativt v\u00e4l, f\u00f6rbises motoriska sv\u00e5righeter (DCD) ofta. De menar att f\u00f6r\u00e4ldrar och yrkesverksamma ibland kan f\u00f6rv\u00e4xla klumpighet med ouppm\u00e4rksamhet eller helt enkelt sakna k\u00e4nnedom om DCD som diagnos.<\/p>\n<p>Begr\u00e4nsningar och framtida forskning<\/p>\n<p>Inte alla inbjudna familjer deltog, och studien omfattade fr\u00e4mst barn fr\u00e5n Sveriges mest t\u00e4tbefolkade regioner, vilket inneb\u00e4r att resultaten kanske inte fullt ut speglar f\u00f6rh\u00e5llandena i glesbygden. Vissa tillst\u00e5nd, som \u00e4tst\u00f6rningar och intellektuell funktionsneds\u00e4ttning, var f\u00f6r ovanliga i denna \u00e5ldersgrupp f\u00f6r att man skulle kunna dra s\u00e4kra slutsatser.<\/p>\n<p>Forskargruppen hoppas att framtida forskning ska unders\u00f6ka hur A-TAC-resultat h\u00e4nger samman med barns senare utveckling \u2013 till exempel inom utbildning, psykisk h\u00e4lsa och social funktion \u2013 n\u00e4r de blir \u00e4ldre.<\/p>\n<p>Slutsats<\/p>\n<p>Studien st\u00f6der anv\u00e4ndningen av A-TAC som ett anv\u00e4ndbart, forskningsbaserat screeningverktyg som kan hj\u00e4lpa till att identifiera barn som kan beh\u00f6va vidare utredning f\u00f6r tillst\u00e5nd som ADHD och autism.<\/p>\n<p>Samtidigt betonar resultaten den komplexa \u00f6verlappningen mellan olika utvecklings- och psykiska tillst\u00e5nd \u2013 och vikten av omfattande, individuellt anpassade bed\u00f6mningar f\u00f6r barn som tidigt visar tecken p\u00e5 sv\u00e5righeter.<\/p>\n<p>Artikel: Halldner, L., Eberhard, S., Lichtenstein, P. et al. <a href=\"https:\/\/bmcpsychiatry.biomedcentral.com\/articles\/10.1186\/s12888-025-07475-y#citeas\" rel=\"nofollow noopener\" target=\"_blank\">Thorough clinical child psychiatric diagnostic evaluation and validation of the Autism- Tics, ADHD and other comorbidities inventory (A-TAC) in a population-based sample of 9-year-olds.<\/a> BMC Psychiatry <strong>25<\/strong>, 918 (2025). https:\/\/doi.org\/10.1186\/s12888-025-07475-y<\/p>\n<p><strong>Text av Anna Spyrou, Kommunikat\u00f6r<\/strong><\/p>\n","protected":false},"excerpt":{"rendered":"Under de senaste \u00e5ren har Sverige \u2013 liksom m\u00e5nga andra l\u00e4nder \u2013 sett en kraftig \u00f6kning av remisser&hellip;\n","protected":false},"author":2,"featured_media":50400,"comment_status":"","ping_status":"","sticky":false,"template":"","format":"standard","meta":{"footnotes":""},"categories":[69],"tags":[113,112,34,31,33,32,30],"class_list":{"0":"post-50399","1":"post","2":"type-post","3":"status-publish","4":"format-standard","5":"has-post-thumbnail","7":"category-halsa","8":"tag-halsa","9":"tag-health","10":"tag-se","11":"tag-svenska","12":"tag-sverige","13":"tag-sweden","14":"tag-swedish"},"share_on_mastodon":{"url":"","error":""},"_links":{"self":[{"href":"https:\/\/www.europesays.com\/se\/wp-json\/wp\/v2\/posts\/50399","targetHints":{"allow":["GET"]}}],"collection":[{"href":"https:\/\/www.europesays.com\/se\/wp-json\/wp\/v2\/posts"}],"about":[{"href":"https:\/\/www.europesays.com\/se\/wp-json\/wp\/v2\/types\/post"}],"author":[{"embeddable":true,"href":"https:\/\/www.europesays.com\/se\/wp-json\/wp\/v2\/users\/2"}],"replies":[{"embeddable":true,"href":"https:\/\/www.europesays.com\/se\/wp-json\/wp\/v2\/comments?post=50399"}],"version-history":[{"count":0,"href":"https:\/\/www.europesays.com\/se\/wp-json\/wp\/v2\/posts\/50399\/revisions"}],"wp:featuredmedia":[{"embeddable":true,"href":"https:\/\/www.europesays.com\/se\/wp-json\/wp\/v2\/media\/50400"}],"wp:attachment":[{"href":"https:\/\/www.europesays.com\/se\/wp-json\/wp\/v2\/media?parent=50399"}],"wp:term":[{"taxonomy":"category","embeddable":true,"href":"https:\/\/www.europesays.com\/se\/wp-json\/wp\/v2\/categories?post=50399"},{"taxonomy":"post_tag","embeddable":true,"href":"https:\/\/www.europesays.com\/se\/wp-json\/wp\/v2\/tags?post=50399"}],"curies":[{"name":"wp","href":"https:\/\/api.w.org\/{rel}","templated":true}]}}