{"id":50401,"date":"2025-10-08T12:12:08","date_gmt":"2025-10-08T12:12:08","guid":{"rendered":"https:\/\/www.europesays.com\/se\/50401\/"},"modified":"2025-10-08T12:12:08","modified_gmt":"2025-10-08T12:12:08","slug":"orden-om-dolly-partons-halsa-efter-systerns-inlagg","status":"publish","type":"post","link":"https:\/\/www.europesays.com\/se\/50401\/","title":{"rendered":"Orden om Dolly Partons h\u00e4lsa efter systerns inl\u00e4gg"},"content":{"rendered":"<p>Publicerad 8 okt 2025 kl 13.52<\/p>\n<p>Dolly Partons manager lugnar fansen.<\/p>\n<p>\u2013 Det tog f\u00f6r stora proportioner, s\u00e4ger han till <a href=\"https:\/\/www.mirror.co.uk\/3am\/celebrity-news\/breaking-dolly-partons-furious-response-36030525\" rel=\"nofollow noopener\" target=\"_blank\">Daily Mirror <\/a>efter att artistens syster uppmanat alla att \u201dbe f\u00f6r Dolly\u201d.<\/p>\n<p><img   alt=\"\"\/><\/p>\n<p>Dolly Parton.<\/p>\n<p>Foto: WADE PAYNE \/ AP TT NYHETSBYR\u00c5N<\/p>\n<p>\u00d6ppna bild i helsk\u00e4rm<img loading=\"lazy\"   alt=\"\"\/><\/p>\n<p>Systerns inl\u00e4gg v\u00e4ckte oro.<\/p>\n<p>Foto: SHUTTERSTOCK EDITORIAL\/IBL<\/p>\n<p>\u00d6ppna bild i helsk\u00e4rm<\/p>\n<p>Dolly Parton, 79, st\u00e4llde nyligen in en serie spelningar i <a href=\"https:\/\/www.expressen.se\/tagg\/location\/las-vegas\/\" class=\"\" rel=\"nofollow noopener\" target=\"_blank\">Las Vegas<\/a> med h\u00e4nvisning till sin h\u00e4lsa.<\/p>\n<p>Det fick hennes syster Freida att reagera:<\/p>\n<p>\u201dI natt l\u00e5g jag vaken hela natten och bad f\u00f6r min syster, Dolly. M\u00e5nga av er vet att hon inte har varit i b\u00e4sta form p\u00e5 sistone\u201d, skrev hon p\u00e5 <a href=\"https:\/\/www.facebook.com\/photo\/?fbid=122131665032933299&amp;set=a.122111783768933299\" rel=\"nofollow noopener\" target=\"_blank\">Facebook<\/a>.<\/p>\n<p>\u201dJag tror verkligen p\u00e5 b\u00f6nens kraft, och jag k\u00e4nner att jag ska be alla som \u00e4lskar henne att be tillsammans med mig.\u201d<\/p>\n<p>Systerns inl\u00e4gg har v\u00e4ckt oro bland Dolly Partons fans.<\/p>\n<p>\u201d\u00c4r bara njursten\u201d<\/p>\n<p>Men nu s\u00e4ger hennes manager Olly Rowland till Daily Mirror att inl\u00e4gget var \u00f6verdrivet.<\/p>\n<p>\u2013 Det \u00e4r bara njursten, och hon beh\u00f6ver g\u00f6ra ett ingrepp f\u00f6r att bli av med det.<\/p>\n<p>\u2013 Hennes syster skrev ett inl\u00e4gg och det tog f\u00f6r stora proportioner.<\/p>\n<p>Efter managerns uttalande har systern tillagt:<\/p>\n<p>\u2013 Det var inte meningen att skr\u00e4mma n\u00e5gon eller f\u00e5 det att l\u00e5ta s\u00e5 allvarligt.<\/p>\n","protected":false},"excerpt":{"rendered":"Publicerad 8 okt 2025 kl 13.52 Dolly Partons manager lugnar fansen. \u2013 Det tog f\u00f6r stora proportioner, s\u00e4ger&hellip;\n","protected":false},"author":2,"featured_media":50402,"comment_status":"","ping_status":"","sticky":false,"template":"","format":"standard","meta":{"footnotes":""},"categories":[67],"tags":[104,4984,34,31,33,32,30,402,105],"class_list":{"0":"post-50401","1":"post","2":"type-post","3":"status-publish","4":"format-standard","5":"has-post-thumbnail","7":"category-underhallning","8":"tag-entertainment","9":"tag-location-las-vegas","10":"tag-se","11":"tag-svenska","12":"tag-sverige","13":"tag-sweden","14":"tag-swedish","15":"tag-topic-artister","16":"tag-underhallning"},"share_on_mastodon":{"url":"","error":""},"_links":{"self":[{"href":"https:\/\/www.europesays.com\/se\/wp-json\/wp\/v2\/posts\/50401","targetHints":{"allow":["GET"]}}],"collection":[{"href":"https:\/\/www.europesays.com\/se\/wp-json\/wp\/v2\/posts"}],"about":[{"href":"https:\/\/www.europesays.com\/se\/wp-json\/wp\/v2\/types\/post"}],"author":[{"embeddable":true,"href":"https:\/\/www.europesays.com\/se\/wp-json\/wp\/v2\/users\/2"}],"replies":[{"embeddable":true,"href":"https:\/\/www.europesays.com\/se\/wp-json\/wp\/v2\/comments?post=50401"}],"version-history":[{"count":0,"href":"https:\/\/www.europesays.com\/se\/wp-json\/wp\/v2\/posts\/50401\/revisions"}],"wp:featuredmedia":[{"embeddable":true,"href":"https:\/\/www.europesays.com\/se\/wp-json\/wp\/v2\/media\/50402"}],"wp:attachment":[{"href":"https:\/\/www.europesays.com\/se\/wp-json\/wp\/v2\/media?parent=50401"}],"wp:term":[{"taxonomy":"category","embeddable":true,"href":"https:\/\/www.europesays.com\/se\/wp-json\/wp\/v2\/categories?post=50401"},{"taxonomy":"post_tag","embeddable":true,"href":"https:\/\/www.europesays.com\/se\/wp-json\/wp\/v2\/tags?post=50401"}],"curies":[{"name":"wp","href":"https:\/\/api.w.org\/{rel}","templated":true}]}}