{"id":50409,"date":"2025-10-08T12:21:07","date_gmt":"2025-10-08T12:21:07","guid":{"rendered":"https:\/\/www.europesays.com\/se\/50409\/"},"modified":"2025-10-08T12:21:07","modified_gmt":"2025-10-08T12:21:07","slug":"elijah-wood-berattar-om-nya-sagan-om-ringen-for-mycket-fanservice","status":"publish","type":"post","link":"https:\/\/www.europesays.com\/se\/50409\/","title":{"rendered":"Elijah Wood ber\u00e4ttar om nya &#8221;Sagan om Ringen&#8221; &#8211; f\u00f6r mycket fanservice?"},"content":{"rendered":"<p>2027 \u00e4r det \u00e4ntligen dags f\u00f6r n\u00e4sta Midg\u00e5rd-film. \u201dSagan om Ringen\u201d forts\u00e4tter med <a href=\"https:\/\/www.moviezine.se\/nyheter\/fem-skadespelare-fran-sagan-om-ringen-ar-aktuella-for-the-hunt-for-gollum\" rel=\"nofollow noopener\" target=\"_blank\">\u201dThe Hunt for Gollum\u201d<\/a>, som handlar om hur Gandalf letar efter Gollum n\u00e4r denne avsl\u00f6jat hemligheter f\u00f6r Sauron.<\/p>\n<p>Vid DesertCon i Mexiko ber\u00e4ttade <strong>Elijah Wood<\/strong> lite om vad vi kan f\u00f6rv\u00e4nta oss:<\/p>\n<p>\u2013 Jag vill inte avsl\u00f6ja f\u00f6r mycket, men jag har l\u00e4st en del av det och det \u00e4r riktigt bra. M\u00e5nga kreativa sj\u00e4lar inblandade. Det mest sp\u00e4nnande \u00e4r att det blir en slags \u00e5terf\u00f6rening. Hj\u00e4rnorna bakom \u201dRingen\u201d-trilogin, Peter Jackson och Fran Walsh, Philippa Boyens och alla andra \u00e4r h\u00f6gst involverade. Samma produktionsdesigners och \u00e4ven denna g\u00e5ng inspelat p\u00e5 Nya Zeeland. Det kommer att k\u00e4nnas som en del av samma kontinuitet och forts\u00e4tta det vi gjorde i \u201dSagan om Ringen\u201d, s\u00e5 det k\u00e4nns v\u00e4ldigt lovande.<\/p>\n<p>Ett s\u00e5dant uttalande b\u00f6r ju f\u00f6rst\u00e5s g\u00f6ra en taggad. Men kanske finns det en baksida av det hela? Allt prat om att \u00e5terskapa gamla k\u00e4nslan och bygga en kontinuitet med \u201dSagan om Ringen\u201d \u00f6kar ju risken f\u00f6r fokus p\u00e5 fanservice och cameos, snarare \u00e4n en organisk del av Tolkiens ber\u00e4ttande. <\/p>\n<p>F\u00f6rutom Ian McKellen som Gandalf och Andy Serkis som Gollum kommer ju \u00e4ven <a href=\"https:\/\/www.moviezine.se\/nyheter\/gandalf-och-frodo-kommer-tillbaka-i-nya-sagan-om-ringen\" rel=\"nofollow noopener\" target=\"_blank\">Frodo<\/a> (som i b\u00f6ckerna ej \u00e4r involverad av denna del av storyn) att framtr\u00e4da. Det ryktas \u00e4ven om Aragorn och Boromir. Kanske g\u00e5r man steget l\u00e4ngre, med cameos av Legolas och Gimli med flera?<\/p>\n<p>F\u00f6rhoppningsvis h\u00e5ller man en god balans mellan nytt och gammalt och g\u00f6r en ber\u00e4ttelse som k\u00e4nns meningsfull.<\/p>\n<p>Produktionen drar ig\u00e5ng under n\u00e4sta \u00e5r och biopremi\u00e4r blir december 2027!<\/p>\n<p><img loading=\"lazy\" decoding=\"async\" alt=\"YouTube video\" width=\"480\" height=\"360\" data-pin-nopin=\"true\" nopin=\"nopin\" class=\"perfmatters-lazy\" src=\"https:\/\/www.europesays.com\/se\/wp-content\/uploads\/2025\/10\/1759926067_531_hqdefault.jpg\"\/><\/p>\n<p>L\u00e4s ocks\u00e5: <a href=\"https:\/\/www.moviezine.se\/nyheter\/nu-pa-prime-video-far-det-lov-att-vara-ett-stjarnspackat-kriminaldrama-nominerad-till-10-oscars\" title=\"Nu p\u00e5 Prime Video: F\u00e5r det lov att vara ett stj\u00e4rnsp\u00e4ckat kriminaldrama? Nominerad till 10 Oscars\" class=\"underline-custom !font-montserrat !font-bold !underline-offset-4 !decoration-4 !decoration-moviezine-green !text-md\" rel=\"nofollow noopener\" target=\"_blank\">Nu p\u00e5 Prime Video: F\u00e5r det lov att vara ett stj\u00e4rnsp\u00e4ckat kriminaldrama? Nominerad till 10 Oscars<\/a><\/p>\n<p>L\u00e4s ocks\u00e5: <a href=\"https:\/\/www.moviezine.se\/nyheter\/forsta-reaktionerna-hyllar-marty-supreme-det-basta-timothee-chalamet-gjort-i-sin-karriar\" title=\"F\u00f6rsta reaktionerna hyllar \u201dMarty Supreme\u201d: \u201dDet b\u00e4sta Timoth\u00e9e Chalamet gjort i sin karri\u00e4r\u201d\" class=\"underline-custom !font-montserrat !font-bold !underline-offset-4 !decoration-4 !decoration-moviezine-green !text-md\" rel=\"nofollow noopener\" target=\"_blank\">F\u00f6rsta reaktionerna hyllar \u201dMarty Supreme\u201d: \u201dDet b\u00e4sta Timoth\u00e9e Chalamet gjort i sin karri\u00e4r\u201d<\/a><\/p>\n","protected":false},"excerpt":{"rendered":"2027 \u00e4r det \u00e4ntligen dags f\u00f6r n\u00e4sta Midg\u00e5rd-film. \u201dSagan om Ringen\u201d forts\u00e4tter med \u201dThe Hunt for Gollum\u201d, som&hellip;\n","protected":false},"author":2,"featured_media":50410,"comment_status":"","ping_status":"","sticky":false,"template":"","format":"standard","meta":{"footnotes":""},"categories":[66],"tags":[2394,4452,80,78,79,34,31,33,32,30,81,84,83,82],"class_list":{"0":"post-50409","1":"post","2":"type-post","3":"status-publish","4":"format-standard","5":"has-post-thumbnail","7":"category-vetenskap-och-teknik","8":"tag-kandisar","9":"tag-sagan-om-ringen","10":"tag-science","11":"tag-science-and-technology","12":"tag-scienceandtechnology","13":"tag-se","14":"tag-svenska","15":"tag-sverige","16":"tag-sweden","17":"tag-swedish","18":"tag-technology","19":"tag-teknik","20":"tag-vetenskap","21":"tag-vetenskapteknik"},"share_on_mastodon":{"url":"","error":""},"_links":{"self":[{"href":"https:\/\/www.europesays.com\/se\/wp-json\/wp\/v2\/posts\/50409","targetHints":{"allow":["GET"]}}],"collection":[{"href":"https:\/\/www.europesays.com\/se\/wp-json\/wp\/v2\/posts"}],"about":[{"href":"https:\/\/www.europesays.com\/se\/wp-json\/wp\/v2\/types\/post"}],"author":[{"embeddable":true,"href":"https:\/\/www.europesays.com\/se\/wp-json\/wp\/v2\/users\/2"}],"replies":[{"embeddable":true,"href":"https:\/\/www.europesays.com\/se\/wp-json\/wp\/v2\/comments?post=50409"}],"version-history":[{"count":0,"href":"https:\/\/www.europesays.com\/se\/wp-json\/wp\/v2\/posts\/50409\/revisions"}],"wp:featuredmedia":[{"embeddable":true,"href":"https:\/\/www.europesays.com\/se\/wp-json\/wp\/v2\/media\/50410"}],"wp:attachment":[{"href":"https:\/\/www.europesays.com\/se\/wp-json\/wp\/v2\/media?parent=50409"}],"wp:term":[{"taxonomy":"category","embeddable":true,"href":"https:\/\/www.europesays.com\/se\/wp-json\/wp\/v2\/categories?post=50409"},{"taxonomy":"post_tag","embeddable":true,"href":"https:\/\/www.europesays.com\/se\/wp-json\/wp\/v2\/tags?post=50409"}],"curies":[{"name":"wp","href":"https:\/\/api.w.org\/{rel}","templated":true}]}}