{"id":50461,"date":"2025-10-08T13:08:09","date_gmt":"2025-10-08T13:08:09","guid":{"rendered":"https:\/\/www.europesays.com\/se\/50461\/"},"modified":"2025-10-08T13:08:09","modified_gmt":"2025-10-08T13:08:09","slug":"victor-nilsson-lindelof-spelat-i-samre-fysisk-status","status":"publish","type":"post","link":"https:\/\/www.europesays.com\/se\/50461\/","title":{"rendered":"Victor Nilsson Lindel\u00f6f: \u201dSpelat i s\u00e4mre fysisk status\u201d"},"content":{"rendered":"<p>G\u00e5tt klubbl\u00f6s st\u00f6rre delen av sommaren.<br \/>\nBegr\u00e4nsat med speltid den senaste tiden.<br \/>\nMen nu \u00e4r Lindel\u00f6f \u00e5terigen med i en landslagstrupp. <\/p>\n<p>F\u00f6rbundskapten Jon Dahl Tomasson f\u00f6rklarade sitt beslut under en presstr\u00e4ff som h\u00f6lls tidigare i veckan att Lindel\u00f6fs ledarstil var anledning till att han blev kallad till matcherna mot Schweiz och Kosovo.\u00a0<\/p>\n<p>Lindel\u00f6f har i m\u00e5nga \u00e5r varit gjuten i den svenska backlinjen men att han inte var med i den f\u00f6rra samlingen var det f\u00e5 som var f\u00f6rv\u00e5nade \u00f6ver, Lindel\u00f6f stod d\u00e5 fortfarande utan klubb efter att han l\u00e4mnat Manchester United.\u00a0<br \/>\u2013 Tr\u00e5kigt att inte kunna vara med och bidra, men jag hade inte spelat s\u00e5 mycket s\u00e5 det \u00e4r inte s\u00e5 konstigt, s\u00e4ger Lindel\u00f6f i den mixade zonen efter onsdagens tr\u00e4ning.<\/p>\n<p>Jon Dahl Tomasson gick ut och p\u00e5pekade att Lindel\u00f6f inte kommer att spela n\u00e5gra 90 minuter. Men under onsdagens presstr\u00e4ff gav Victor Nilsson Lindel\u00f6f andra besked.\u00a0<br \/>\u2013 Jag k\u00e4nner mig j\u00e4ttebra, jag har spelat matcher i s\u00e4mre fysisk status, s\u00e4ger han och forts\u00e4tter.\u00a0<br \/>\u2013 Vill han (Tomasson) att jag spelar \u00e4r jag d\u00e4r, vill han inte att jag spelar \u00e4r jag ocks\u00e5 d\u00e4r.\u00a0<\/p>\n","protected":false},"excerpt":{"rendered":"G\u00e5tt klubbl\u00f6s st\u00f6rre delen av sommaren. Begr\u00e4nsat med speltid den senaste tiden. Men nu \u00e4r Lindel\u00f6f \u00e5terigen med&hellip;\n","protected":false},"author":2,"featured_media":50462,"comment_status":"","ping_status":"","sticky":false,"template":"","format":"standard","meta":{"footnotes":""},"categories":[68],"tags":[34,111,110,31,33,32,30,1951,3072],"class_list":{"0":"post-50461","1":"post","2":"type-post","3":"status-publish","4":"format-standard","5":"has-post-thumbnail","7":"category-sport","8":"tag-se","9":"tag-sport","10":"tag-sports","11":"tag-svenska","12":"tag-sverige","13":"tag-sweden","14":"tag-swedish","15":"tag-victor-nilsson-lindelof","16":"tag-vm-kval"},"share_on_mastodon":{"url":"","error":""},"_links":{"self":[{"href":"https:\/\/www.europesays.com\/se\/wp-json\/wp\/v2\/posts\/50461","targetHints":{"allow":["GET"]}}],"collection":[{"href":"https:\/\/www.europesays.com\/se\/wp-json\/wp\/v2\/posts"}],"about":[{"href":"https:\/\/www.europesays.com\/se\/wp-json\/wp\/v2\/types\/post"}],"author":[{"embeddable":true,"href":"https:\/\/www.europesays.com\/se\/wp-json\/wp\/v2\/users\/2"}],"replies":[{"embeddable":true,"href":"https:\/\/www.europesays.com\/se\/wp-json\/wp\/v2\/comments?post=50461"}],"version-history":[{"count":0,"href":"https:\/\/www.europesays.com\/se\/wp-json\/wp\/v2\/posts\/50461\/revisions"}],"wp:featuredmedia":[{"embeddable":true,"href":"https:\/\/www.europesays.com\/se\/wp-json\/wp\/v2\/media\/50462"}],"wp:attachment":[{"href":"https:\/\/www.europesays.com\/se\/wp-json\/wp\/v2\/media?parent=50461"}],"wp:term":[{"taxonomy":"category","embeddable":true,"href":"https:\/\/www.europesays.com\/se\/wp-json\/wp\/v2\/categories?post=50461"},{"taxonomy":"post_tag","embeddable":true,"href":"https:\/\/www.europesays.com\/se\/wp-json\/wp\/v2\/tags?post=50461"}],"curies":[{"name":"wp","href":"https:\/\/api.w.org\/{rel}","templated":true}]}}