{"id":5047,"date":"2025-08-14T20:12:21","date_gmt":"2025-08-14T20:12:21","guid":{"rendered":"https:\/\/www.europesays.com\/se\/5047\/"},"modified":"2025-08-14T20:12:21","modified_gmt":"2025-08-14T20:12:21","slug":"stjarnvarvningen-slog-till-men-leksand-vann","status":"publish","type":"post","link":"https:\/\/www.europesays.com\/se\/5047\/","title":{"rendered":"Stj\u00e4rnv\u00e4rvningen slog till &#8211; men Leksand vann"},"content":{"rendered":"<p><strong>S\u00e5v\u00e4l <a href=\"https:\/\/hockeysverige.se\/klubb\/leksands-if\/\" rel=\"nofollow noopener\" target=\"_blank\">Leksand<\/a> som <a href=\"https:\/\/hockeysverige.se\/klubb\/djurgardens-if-hockey\/\" rel=\"nofollow noopener\" target=\"_blank\">Djurg\u00e5rden<\/a> spelade sin f\u00f6rsta match f\u00f6r f\u00f6rs\u00e4songen. D\u00e5 var det Leksand som vann med 2-1.<\/strong><\/p>\n<p><img loading=\"lazy\" decoding=\"async\" width=\"1024\" height=\"658\" src=\"https:\/\/www.europesays.com\/se\/wp-content\/uploads\/2025\/08\/Jakob-Hellsten-1024x658.webp.webp\" alt=\"\" class=\"wp-image-297141\"  \/>Jakob Hellsten.<strong> Foto: <\/strong>Bildbyr\u00e5n.<\/p>\n<p>Leksand och Djurg\u00e5rden \u00e4r tv\u00e5 av de lag som f\u00e5tt se sig bli tippade i de nedre delarna av SHL-tabellen den h\u00e4r s\u00e4songen. N\u00e4r lagen idag m\u00f6ttes i f\u00f6rs\u00e4songspremi\u00e4ren var det Leksand som vann med 2-1.<\/p>\n<p>Detta trots att Djurg\u00e5rdens stj\u00e4rnv\u00e4rvning, AHL-po\u00e4ngsprutan <a href=\"https:\/\/hockeysverige.se\/spelare\/charles-hudon\/\" rel=\"nofollow noopener\" target=\"_blank\">Charles Hudon<\/a>, blev m\u00e5lskytt f\u00f6r SHL-nykomlingens del. En starkt spelande <a href=\"https:\/\/hockeysverige.se\/spelare\/jakob-hellsten\/\" rel=\"nofollow noopener\" target=\"_blank\">Jakob Hellsten<\/a> i Leksandskassen r\u00e4ddade n\u00e4mligen de \u00f6vriga 31 skotten han fick p\u00e5 sig.<\/p>\n<p>\u00c4ven f\u00f6r Leksand var det tv\u00e5 av lagets storstj\u00e4rnor som slog till. B\u00e5de Peter Cehl\u00e1rik och Max Veronneau blev m\u00e5lskyttar f\u00f6r Dala-laget.<\/p>\n<p>V\u00e4xj\u00f6 slog Fr\u00f6lunda p\u00e5 straffar<\/p>\n<p><a href=\"https:\/\/hockeysverige.se\/klubb\/vaxjo-lakers\/\" rel=\"nofollow noopener\" target=\"_blank\">V\u00e4xj\u00f6<\/a> spelade ikv\u00e4ll sin tredje f\u00f6rs\u00e4songsmatch, och <a href=\"https:\/\/hockeysverige.se\/klubb\/frolunda-hc\/\" rel=\"nofollow noopener\" target=\"_blank\">Fr\u00f6lunda<\/a> sin andra, och det var sm\u00e5l\u00e4nningarna som vann matchen med 3-2 efter straffar.<\/p>\n<p>Manuel \u00c5gren och Joel Persson gjorde V\u00e4xj\u00f6s m\u00e5l under ordinarie speltid och Felix Robert satte den avg\u00f6rande straffen.<\/p>\n<p>Arttu Ruotsalainen gjorde b\u00e5da Fr\u00f6lundas m\u00e5l.<\/p>\n","protected":false},"excerpt":{"rendered":"S\u00e5v\u00e4l Leksand som Djurg\u00e5rden spelade sin f\u00f6rsta match f\u00f6r f\u00f6rs\u00e4songen. D\u00e5 var det Leksand som vann med 2-1.&hellip;\n","protected":false},"author":2,"featured_media":5048,"comment_status":"","ping_status":"","sticky":false,"template":"","format":"standard","meta":{"footnotes":""},"categories":[68],"tags":[34,133,111,110,31,33,32,30],"class_list":{"0":"post-5047","1":"post","2":"type-post","3":"status-publish","4":"format-standard","5":"has-post-thumbnail","7":"category-sport","8":"tag-se","9":"tag-second-news","10":"tag-sport","11":"tag-sports","12":"tag-svenska","13":"tag-sverige","14":"tag-sweden","15":"tag-swedish"},"share_on_mastodon":{"url":"","error":""},"_links":{"self":[{"href":"https:\/\/www.europesays.com\/se\/wp-json\/wp\/v2\/posts\/5047","targetHints":{"allow":["GET"]}}],"collection":[{"href":"https:\/\/www.europesays.com\/se\/wp-json\/wp\/v2\/posts"}],"about":[{"href":"https:\/\/www.europesays.com\/se\/wp-json\/wp\/v2\/types\/post"}],"author":[{"embeddable":true,"href":"https:\/\/www.europesays.com\/se\/wp-json\/wp\/v2\/users\/2"}],"replies":[{"embeddable":true,"href":"https:\/\/www.europesays.com\/se\/wp-json\/wp\/v2\/comments?post=5047"}],"version-history":[{"count":0,"href":"https:\/\/www.europesays.com\/se\/wp-json\/wp\/v2\/posts\/5047\/revisions"}],"wp:featuredmedia":[{"embeddable":true,"href":"https:\/\/www.europesays.com\/se\/wp-json\/wp\/v2\/media\/5048"}],"wp:attachment":[{"href":"https:\/\/www.europesays.com\/se\/wp-json\/wp\/v2\/media?parent=5047"}],"wp:term":[{"taxonomy":"category","embeddable":true,"href":"https:\/\/www.europesays.com\/se\/wp-json\/wp\/v2\/categories?post=5047"},{"taxonomy":"post_tag","embeddable":true,"href":"https:\/\/www.europesays.com\/se\/wp-json\/wp\/v2\/tags?post=5047"}],"curies":[{"name":"wp","href":"https:\/\/api.w.org\/{rel}","templated":true}]}}