{"id":50480,"date":"2025-10-08T13:21:11","date_gmt":"2025-10-08T13:21:11","guid":{"rendered":"https:\/\/www.europesays.com\/se\/50480\/"},"modified":"2025-10-08T13:21:11","modified_gmt":"2025-10-08T13:21:11","slug":"s-vill-skarpa-sprakkrav-det-ar-bra-med-krav-omni","status":"publish","type":"post","link":"https:\/\/www.europesays.com\/se\/50480\/","title":{"rendered":"S vill sk\u00e4rpa spr\u00e5kkrav: \u201dDet \u00e4r bra med krav\u201d &#8211; Omni"},"content":{"rendered":"<ol>\n<li><a href=\"https:\/\/news.google.com\/rss\/articles\/CBMid0FVX3lxTE1JX0c3aXFJYV9tZ0xmcXI3dGpJUW9YbGRkc2tmMWdRamhnQU85dWZ3TEdIVzVOcUpuaUhJTm0xNWVONW1Oa1NZS25iSzdQSWZzSFk3TGFHY2lhODlZMzlzV1Fvd0QwelQ1RFZWU2Utd3BXNDgyaUJV?oc=5\" target=\"_blank\" rel=\"nofollow noopener\">S vill sk\u00e4rpa spr\u00e5kkrav: \u201dDet \u00e4r bra med krav\u201d<\/a>&nbsp;&nbsp;Omni<\/li>\n<li><a href=\"https:\/\/news.google.com\/rss\/articles\/CBMigwFBVV95cUxPSzBrSm9Wb3NPamdRcHBSOGlsZTZIVnFVVDhMTlR3MkJRRmQta2NIUEVxd1NPdWw2MUJZSDRJaVh2U25TWlpfcVJ3WFZRZEpoRldreWxkNnBtdjFrYzJPYllxQTlOVXZaWTBKTnBpMnNYcUEwWlRQV0VYRU9zdzdjc0lUUQ?oc=5\" target=\"_blank\" rel=\"nofollow noopener\">\u201dKunna spr\u00e5ket ska bli en skyldighet\u201d<\/a>&nbsp;&nbsp;SvD<\/li>\n<li><a href=\"https:\/\/news.google.com\/rss\/articles\/CBMiuwFBVV95cUxOVmhPWlBtRkdiQkdPbUpqZm9nclJrLTJfTDVnTlhXUzlReG5DZFVPV1VPRDUtMXAwdDQzSEY4cFJmdzFFdS12REUzUGtoNVdtRHh4LVhnNldrSHZsc3ExWTE3aVplSmw0dUc2b0VpRTF0enUyMTU5TWQ1WEZfOXlyd2dVWlU0MDdROWZHaFk4T1ZBUjE4TW9CMU5NMTFJMVhsVnZNT2pDb2VKNHdFeDNJeWFxYVUySXFybVBF?oc=5\" target=\"_blank\" rel=\"nofollow noopener\">S sk\u00e4rper spr\u00e5kkrav \u2013 vill dra in bidrag vid skolk<\/a>&nbsp;&nbsp;TV4 Nyheterna<\/li>\n<li><a href=\"https:\/\/news.google.com\/rss\/articles\/CBMiiAFBVV95cUxQSGZnZi1BVHhsZURDVVZ2bU9NWHpYYUFWd0hwNXpPY1B3WDZ2U19lVDg4TEpqTlZvNF81SlA0WHlnR3RhR3ROYnJOWnNUVGtWU0lLcnFTck9zanE2dGhfalJ3a29YTldQaWE1czNiVGtiN1hSZnJHMFc2WnhoSjZMUkJpQmtpN3A0?oc=5\" target=\"_blank\" rel=\"nofollow noopener\">V\u00e4ndningen: S kr\u00e4ver spr\u00e5kkrav \u2013 kallade det tidigare rasistiskt<\/a>&nbsp;&nbsp;Bulletin<\/li>\n<li><a href=\"https:\/\/news.google.com\/rss\/articles\/CBMiuAFBVV95cUxNMldXbmRuU0V6RVdHRVNKS2hsS1Y3cDRtZ0lQbHVaRWZpTy12dUExUHVMTHBwS05xOXZlN081djZWX1dZZFE5em9HVmU0NUJHT0s0MXRTd1kwV2MxQ3hlUTQ3S1JYQkhyRGJlMVFqOXNnTmhVS05EZWV4NjVfajVMYVVlMlNweGtLM01iaGpmLWxIMnh1V2tPbFFUbl9VcHBiODNHMGdxOVhuVWhBVkxWTEh4Qk13dWR0?oc=5\" target=\"_blank\" rel=\"nofollow noopener\">Johan Forssell s\u00e5gar Socialdemokraternas spr\u00e5kkrav<\/a>&nbsp;&nbsp;TV4 Nyheterna<\/li>\n<\/ol>\n","protected":false},"excerpt":{"rendered":"S vill sk\u00e4rpa spr\u00e5kkrav: \u201dDet \u00e4r bra med krav\u201d&nbsp;&nbsp;Omni \u201dKunna spr\u00e5ket ska bli en skyldighet\u201d&nbsp;&nbsp;SvD S sk\u00e4rper spr\u00e5kkrav&hellip;\n","protected":false},"author":2,"featured_media":50481,"comment_status":"","ping_status":"","sticky":false,"template":"","format":"standard","meta":{"footnotes":""},"categories":[12],"tags":[22,23,26,27,17,21,24,25,3757,28,29,1510,15,16,18,34,1557,31,33,32,30,19,20],"class_list":{"0":"post-50480","1":"post","2":"type-post","3":"status-publish","4":"format-standard","5":"has-post-thumbnail","7":"category-sverige","8":"tag-breaking-news","9":"tag-breakingnews","10":"tag-featured-news","11":"tag-featurednews","12":"tag-headlines","13":"tag-huvudnyheter","14":"tag-latest-news","15":"tag-latestnews","16":"tag-lawen-redar","17":"tag-main-news","18":"tag-mainnews","19":"tag-migrationspolitik","20":"tag-news","21":"tag-nyheter","22":"tag-rubriker","23":"tag-se","24":"tag-socialdemokraterna","25":"tag-svenska","26":"tag-sverige","27":"tag-sweden","28":"tag-swedish","29":"tag-top-stories","30":"tag-topstories"},"share_on_mastodon":{"url":"","error":""},"_links":{"self":[{"href":"https:\/\/www.europesays.com\/se\/wp-json\/wp\/v2\/posts\/50480","targetHints":{"allow":["GET"]}}],"collection":[{"href":"https:\/\/www.europesays.com\/se\/wp-json\/wp\/v2\/posts"}],"about":[{"href":"https:\/\/www.europesays.com\/se\/wp-json\/wp\/v2\/types\/post"}],"author":[{"embeddable":true,"href":"https:\/\/www.europesays.com\/se\/wp-json\/wp\/v2\/users\/2"}],"replies":[{"embeddable":true,"href":"https:\/\/www.europesays.com\/se\/wp-json\/wp\/v2\/comments?post=50480"}],"version-history":[{"count":0,"href":"https:\/\/www.europesays.com\/se\/wp-json\/wp\/v2\/posts\/50480\/revisions"}],"wp:featuredmedia":[{"embeddable":true,"href":"https:\/\/www.europesays.com\/se\/wp-json\/wp\/v2\/media\/50481"}],"wp:attachment":[{"href":"https:\/\/www.europesays.com\/se\/wp-json\/wp\/v2\/media?parent=50480"}],"wp:term":[{"taxonomy":"category","embeddable":true,"href":"https:\/\/www.europesays.com\/se\/wp-json\/wp\/v2\/categories?post=50480"},{"taxonomy":"post_tag","embeddable":true,"href":"https:\/\/www.europesays.com\/se\/wp-json\/wp\/v2\/tags?post=50480"}],"curies":[{"name":"wp","href":"https:\/\/api.w.org\/{rel}","templated":true}]}}