{"id":50485,"date":"2025-10-08T13:25:29","date_gmt":"2025-10-08T13:25:29","guid":{"rendered":"https:\/\/www.europesays.com\/se\/50485\/"},"modified":"2025-10-08T13:25:29","modified_gmt":"2025-10-08T13:25:29","slug":"alice-stenlof-och-william-forslund-vinner-elitstyrkans-hemligheter-vip-i-tv4","status":"publish","type":"post","link":"https:\/\/www.europesays.com\/se\/50485\/","title":{"rendered":"Alice Stenl\u00f6f och William Forslund vinner \u201dElitstyrkans hemligheter VIP\u201d i TV4"},"content":{"rendered":"<p>Publicerad 7 okt 2025 kl 21.00Uppdaterad kl 21.13<\/p>\n<p>\u201dElitstyrkans hemligheter VIP\u201d \u00e4r \u00f6ver och tv\u00e5 personer klarade uttagningen.\u00a0<\/p>\n<p>Alice Stenl\u00f6f och William Forslund st\u00e5r nu som vinnare av den extrema t\u00e4vlingen.\u00a0<\/p>\n<p>\u2013\u00a0Det finns inga gr\u00e4nser f\u00f6r vad jag klarar av, s\u00e4ger Stenl\u00f6f i programmet.\u00a0<\/p>\n<p>Tillbakablick: H\u00e4r svimmar Linnea Bogren under fystestet i \u201dElitstyrkans hemligheter\u201d 2023.<img loading=\"lazy\"   alt=\"\"\/><\/p>\n<p>Tullinspekt\u00f6ren Olivia Karlsson f\u00e5r l\u00e4mna i b\u00f6rjan av det sista avsnittet.<\/p>\n<p>Foto: TV4<\/p>\n<p>\u00d6ppna bild i helsk\u00e4rm<img loading=\"lazy\"   alt=\"\"\/><\/p>\n<p>Efter sitt slutf\u00f6rh\u00f6r f\u00e5r Carl Hedin l\u00e4mna.<\/p>\n<p>Foto: TV4<\/p>\n<p>\u00d6ppna bild i helsk\u00e4rm<img loading=\"lazy\"   alt=\"\"\/><\/p>\n<p>Anneli Pompe f\u00e5r l\u00e4mna efter att hon misslyckats med navigeringen under slutmarschen.<\/p>\n<p>Foto: TV4<\/p>\n<p>\u00d6ppna bild i helsk\u00e4rm<img loading=\"lazy\"   alt=\"\"\/><\/p>\n<p>Anneli Pompe och Alice Stenl\u00f6f.<\/p>\n<p>Foto: TV4<\/p>\n<p>\u00d6ppna bild i helsk\u00e4rm<img loading=\"lazy\"   alt=\"\"\/><\/p>\n<p>William Forslund.<\/p>\n<p>Foto: TV4<\/p>\n<p>\u00d6ppna bild i helsk\u00e4rm<\/p>\n<p>14 rekryter har blivit fem och under de f\u00f6rsta minuterna i det sista avsnittet av \u201dElitstyrkans hemligheter VIP\u201d blir de till fyra n\u00e4r tullinspekt\u00f6ren Olivia Karlsson f\u00e5r l\u00e4mna.<\/p>\n<p>Kvar \u00e4r d\u00e5 <a href=\"https:\/\/www.expressen.se\/tagg\/person\/alice-stenlof\/\" class=\"\" rel=\"nofollow noopener\" target=\"_blank\">Alice Stenl\u00f6f<\/a>, William Forslund, Carl Hedin och Anneli Pompe som alla t\u00e4vlar om att ta hem t\u00e4vlingen.\u00a0<\/p>\n<p>\u2013 Det \u00e4r nu den riktiga kampen f\u00f6r att stanna kvar b\u00f6rjar. Alla som \u00e4r kvar nu har best\u00e4mt sig f\u00f6r att vara kvar till sist och alla har f\u00f6ruts\u00e4ttningarna f\u00f6r att lyckas med det, s\u00e4ger instrukt\u00f6ren \u201dKP\u201d.<\/p>\n<p>Efter sitt slutf\u00f6rh\u00f6r blir elitryttaren Carl Hedin n\u00e4sta rekryt att f\u00e5 packa sin v\u00e4ska och \u00e5ka hem.\u00a0<\/p>\n<p>Misslyckas med navigeringen<\/p>\n<p>I den sista utmaningen ska Stenl\u00f6f, Forslund och Pompe navigera sig fram p\u00e5 fj\u00e4llet med tunga ryggs\u00e4ckar. De ska ta sig 30 kilometer till m\u00e5let d\u00e4r de ska plockas upp av en helikopter och under marschen ska de dessutom stanna vid delm\u00e5l f\u00f6r att plocka upp saker som g\u00f6r packningen \u00e4nnu tyngre.\u00a0<\/p>\n<p>Det hela g\u00e5r p\u00e5 tid, och Stenl\u00f6f, Forslund och Pompe har gjort f\u00f6r m\u00e5nga misstag och hinner inte fram. D\u00e5 blir de stoppade av maskerade m\u00e4n med vapen \u2013\u00a0och f\u00f6r \u00e4ventyraren Anneli Pompe \u00e4r t\u00e4vlingen \u00f6ver. Hennes misslyckade navigering blev hennes fall.<\/p>\n<p>I t\u00e4vlingen \u00e5terst\u00e5r d\u00e5 influencern Stenl\u00f6f och youtubern Forslund som med huvor \u00f6ver huvudet kedjats fast p\u00e5 varsitt h\u00e5ll. P\u00e5 avst\u00e5nd h\u00f6rs d\u00e5 skott som bildar koden till l\u00e5set runt deras handleder \u2013\u00a0och de har d\u00e5 tre minuter p\u00e5 sig att f\u00f6rst\u00e5 vad de m\u00e5ste g\u00f6ra.\u00a0<\/p>\n<p>Forslund \u00e4r snabb att f\u00f6rst\u00e5 och han tar sig loss. \u00c4ven Stenl\u00f6f listar ut koden och de m\u00f6ter upp instrukt\u00f6rerna.\u00a0<\/p>\n<p><img loading=\"lazy\"   alt=\"\"\/><\/p>\n<p>Alice Stenl\u00f6f och William Forslund framf\u00f6r instrukt\u00f6rerna.<\/p>\n<p>Foto: TV4<\/p>\n<p>\u00d6ppna bild i helsk\u00e4rmStenl\u00f6f och Forslund klarar uttagningen<\/p>\n<p>\u2013 Vi ser nu tv\u00e5 rekryter som gjort en enorm resa under den h\u00e4r uttagningen, inte minst personligt, s\u00e4ger instrukt\u00f6ren \u201dPam\u201d.\u00a0<\/p>\n<p>Hon kallar fram rekryt sju och nio, Stenl\u00f6f och Forslund.\u00a0<\/p>\n<p>\u2013 Ni tv\u00e5 har klarat uttagningen, s\u00e4ger hon.\u00a0<\/p>\n<p>Rekryterna bryter ut i gr\u00e5t och kramar om varandra.\u00a0<\/p>\n<p>\u2013 Inte d\u00e5ligt f\u00f6r en influencer, s\u00e4ger en av instrukt\u00f6rerna till Stenl\u00f6f n\u00e4r hon f\u00e5r en kram.<\/p>\n<p>Till kameran s\u00e4ger Alice att det hon tar med sig fr\u00e5n t\u00e4vlingen \u00e4r att hon \u00e4r starkare \u00e4n vad hon tror.\u00a0<\/p>\n<p>\u2013 Det finns inga gr\u00e4nser f\u00f6r vad jag klarar av, s\u00e4ger influencern till kameran.<\/p>\n<p>\u00c4ven Forslund har l\u00e4rt sig att man klarar mycket om man bara pushar sig sj\u00e4lv:<\/p>\n<p>\u2013 Det finns m\u00e5nga jobbiga \u00f6gonblick fr\u00e5n det h\u00e4r och n\u00e4r man \u00e4r i de d\u00e4r dipparna t\u00e4nker man att \u201dDet h\u00e4r kommer vara f\u00f6r alltid\u201d, men om du forts\u00e4tter pusha lite till s\u00e5 kommer du upp fr\u00e5n dem. Det \u00e4r galet, s\u00e4ger han vidare i programmet.\u00a0<\/p>\n<p><img loading=\"lazy\"   alt=\"\"\/><\/p>\n<p>Alice Stenl\u00f6f bryter ut i gr\u00e5t n\u00e4r hon f\u00e5r beskedet.<\/p>\n<p>Foto: TV4<\/p>\n<p>\u00d6ppna bild i helsk\u00e4rm<img loading=\"lazy\"   alt=\"\"\/><\/p>\n<p>Forslund torkar bort en t\u00e5r.<\/p>\n<p>Foto: TV4<\/p>\n<p>\u00d6ppna bild i helsk\u00e4rm<img loading=\"lazy\"   alt=\"\"\/><\/p>\n<p>Rekryterna kramar om varandra.<\/p>\n<p>Foto: TV4<\/p>\n<p>\u00d6ppna bild i helsk\u00e4rm<\/p>\n","protected":false},"excerpt":{"rendered":"Publicerad 7 okt 2025 kl 21.00Uppdaterad kl 21.13 \u201dElitstyrkans hemligheter VIP\u201d \u00e4r \u00f6ver och tv\u00e5 personer klarade uttagningen.\u00a0&hellip;\n","protected":false},"author":2,"featured_media":50486,"comment_status":"","ping_status":"","sticky":false,"template":"","format":"standard","meta":{"footnotes":""},"categories":[67],"tags":[104,384,759,3205,34,645,31,33,32,30,428,310,218,646,105],"class_list":{"0":"post-50485","1":"post","2":"type-post","3":"status-publish","4":"format-standard","5":"has-post-thumbnail","7":"category-underhallning","8":"tag-entertainment","9":"tag-organization-tv4","10":"tag-organization-youtube","11":"tag-person-alice-stenlof","12":"tag-se","13":"tag-sections-tv","14":"tag-svenska","15":"tag-sverige","16":"tag-sweden","17":"tag-swedish","18":"tag-topic-influencers","19":"tag-topic-kandisar","20":"tag-topic-realityprogram","21":"tag-topic-tv-serier","22":"tag-underhallning"},"share_on_mastodon":{"url":"","error":""},"_links":{"self":[{"href":"https:\/\/www.europesays.com\/se\/wp-json\/wp\/v2\/posts\/50485","targetHints":{"allow":["GET"]}}],"collection":[{"href":"https:\/\/www.europesays.com\/se\/wp-json\/wp\/v2\/posts"}],"about":[{"href":"https:\/\/www.europesays.com\/se\/wp-json\/wp\/v2\/types\/post"}],"author":[{"embeddable":true,"href":"https:\/\/www.europesays.com\/se\/wp-json\/wp\/v2\/users\/2"}],"replies":[{"embeddable":true,"href":"https:\/\/www.europesays.com\/se\/wp-json\/wp\/v2\/comments?post=50485"}],"version-history":[{"count":0,"href":"https:\/\/www.europesays.com\/se\/wp-json\/wp\/v2\/posts\/50485\/revisions"}],"wp:featuredmedia":[{"embeddable":true,"href":"https:\/\/www.europesays.com\/se\/wp-json\/wp\/v2\/media\/50486"}],"wp:attachment":[{"href":"https:\/\/www.europesays.com\/se\/wp-json\/wp\/v2\/media?parent=50485"}],"wp:term":[{"taxonomy":"category","embeddable":true,"href":"https:\/\/www.europesays.com\/se\/wp-json\/wp\/v2\/categories?post=50485"},{"taxonomy":"post_tag","embeddable":true,"href":"https:\/\/www.europesays.com\/se\/wp-json\/wp\/v2\/tags?post=50485"}],"curies":[{"name":"wp","href":"https:\/\/api.w.org\/{rel}","templated":true}]}}