{"id":50500,"date":"2025-10-08T13:40:13","date_gmt":"2025-10-08T13:40:13","guid":{"rendered":"https:\/\/www.europesays.com\/se\/50500\/"},"modified":"2025-10-08T13:40:13","modified_gmt":"2025-10-08T13:40:13","slug":"17-aring-atalas-for-mordforsok-i-grastorp","status":"publish","type":"post","link":"https:\/\/www.europesays.com\/se\/50500\/","title":{"rendered":"17-\u00e5ring \u00e5talas f\u00f6r mordf\u00f6rs\u00f6k i Gr\u00e4storp"},"content":{"rendered":"<p>Publicerad 8 okt 2025 kl 09.12Uppdaterad kl 09.38<\/p>\n<p>En 17-\u00e5ring \u00e5talas f\u00f6r mordf\u00f6rs\u00f6k, grovt vapenbrott och f\u00f6rberedelse f\u00f6r mord.<\/p>\n<p>Brotten han \u00e5talas f\u00f6r intr\u00e4ffade i Gr\u00e4storp och Bor\u00e5s i slutet av maj i \u00e5r.<\/p>\n<p><img   alt=\"\"\/> <\/p>\n<p>Foto: Joachim Nywall \/ TT \/ TT NYHETSBYR\u00c5N<\/p>\n<p>\u00d6ppna bild i helsk\u00e4rm<\/p>\n<p>Natten mot 27 maj avlossades ett antal skott mot en bostad i Gr\u00e4storps kommun. Den boende i huset agerade enligt \u00e5klagarmyndigheten i n\u00f6dv\u00e4rn med att skjuta tillbaka med ett hagelgev\u00e4r.<\/p>\n<p>Kort senare kunde en d\u00e5 16-\u00e5rig pojke gripas med skottskador i benet i anslutning till platsen.<\/p>\n<p>\u2013 En kula har tr\u00e4ffat fasaden p\u00e5 huset \u00f6ver balkongen d\u00e4r en av de boende i huset befann sig vid skjutningen. Fyra kulor har g\u00e5tt in i huset, en genom k\u00f6ksf\u00f6nstret och tre genom den \u00f6ppna balkongd\u00f6rren, s\u00e4ger senior \u00e5klagare Sofia Karlsson i ett pressmeddelande.<\/p>\n<p>Polisen har s\u00e4krat bevis fr\u00e5n pojkens telefon d\u00e4r det framg\u00e5r att han kv\u00e4llen f\u00f6re skjutningen rest till G\u00f6teborg och <a href=\"https:\/\/www.expressen.se\/tagg\/location\/boras\/\" class=\"\" rel=\"nofollow noopener\" target=\"_blank\">Bor\u00e5s<\/a> bev\u00e4pnad.<\/p>\n<p>\u2013 Skjutningen skedde p\u00e5 samma plats d\u00e4r en brand anlades en vecka senare. Branden utreddes som mordbrand och en 18-\u00e5rig man har d\u00f6mts f\u00f6r mordbranden. V\u00e5r uppfattning \u00e4r att b\u00e5de han och 17-\u00e5ringen som nu \u00e5talas f\u00f6r skjutningen har utf\u00f6rt d\u00e5den p\u00e5 uppdrag av annan, s\u00e4ger senior \u00e5klagare Berit Andreasson i ett pressmeddelande.<\/p>\n","protected":false},"excerpt":{"rendered":"Publicerad 8 okt 2025 kl 09.12Uppdaterad kl 09.38 En 17-\u00e5ring \u00e5talas f\u00f6r mordf\u00f6rs\u00f6k, grovt vapenbrott och f\u00f6rberedelse f\u00f6r&hellip;\n","protected":false},"author":2,"featured_media":50501,"comment_status":"","ping_status":"","sticky":false,"template":"","format":"standard","meta":{"footnotes":""},"categories":[12],"tags":[22,23,26,27,17,21,24,25,1498,28,29,15,16,18,34,666,31,33,32,30,19,436,20],"class_list":{"0":"post-50500","1":"post","2":"type-post","3":"status-publish","4":"format-standard","5":"has-post-thumbnail","7":"category-sverige","8":"tag-breaking-news","9":"tag-breakingnews","10":"tag-featured-news","11":"tag-featurednews","12":"tag-headlines","13":"tag-huvudnyheter","14":"tag-latest-news","15":"tag-latestnews","16":"tag-location-boras","17":"tag-main-news","18":"tag-mainnews","19":"tag-news","20":"tag-nyheter","21":"tag-rubriker","22":"tag-se","23":"tag-sections-krim","24":"tag-svenska","25":"tag-sverige","26":"tag-sweden","27":"tag-swedish","28":"tag-top-stories","29":"tag-topic-valdsbrott-mord","30":"tag-topstories"},"share_on_mastodon":{"url":"","error":""},"_links":{"self":[{"href":"https:\/\/www.europesays.com\/se\/wp-json\/wp\/v2\/posts\/50500","targetHints":{"allow":["GET"]}}],"collection":[{"href":"https:\/\/www.europesays.com\/se\/wp-json\/wp\/v2\/posts"}],"about":[{"href":"https:\/\/www.europesays.com\/se\/wp-json\/wp\/v2\/types\/post"}],"author":[{"embeddable":true,"href":"https:\/\/www.europesays.com\/se\/wp-json\/wp\/v2\/users\/2"}],"replies":[{"embeddable":true,"href":"https:\/\/www.europesays.com\/se\/wp-json\/wp\/v2\/comments?post=50500"}],"version-history":[{"count":0,"href":"https:\/\/www.europesays.com\/se\/wp-json\/wp\/v2\/posts\/50500\/revisions"}],"wp:featuredmedia":[{"embeddable":true,"href":"https:\/\/www.europesays.com\/se\/wp-json\/wp\/v2\/media\/50501"}],"wp:attachment":[{"href":"https:\/\/www.europesays.com\/se\/wp-json\/wp\/v2\/media?parent=50500"}],"wp:term":[{"taxonomy":"category","embeddable":true,"href":"https:\/\/www.europesays.com\/se\/wp-json\/wp\/v2\/categories?post=50500"},{"taxonomy":"post_tag","embeddable":true,"href":"https:\/\/www.europesays.com\/se\/wp-json\/wp\/v2\/tags?post=50500"}],"curies":[{"name":"wp","href":"https:\/\/api.w.org\/{rel}","templated":true}]}}