{"id":50521,"date":"2025-10-08T14:09:23","date_gmt":"2025-10-08T14:09:23","guid":{"rendered":"https:\/\/www.europesays.com\/se\/50521\/"},"modified":"2025-10-08T14:09:23","modified_gmt":"2025-10-08T14:09:23","slug":"leo-waltas-besked-vill-saljas-i-vinter","status":"publish","type":"post","link":"https:\/\/www.europesays.com\/se\/50521\/","title":{"rendered":"Leo Waltas besked \u2013 vill s\u00e4ljas i vinter"},"content":{"rendered":"<p><strong><a href=\"https:\/\/fotbolldirekt.se\/spelare\/leo-walta\/\" rel=\"nofollow noopener\" target=\"_blank\">Leo Walta<\/a> har imponerat i <a href=\"https:\/\/fotbolldirekt.se\/klubb\/ik-sirius\/\" rel=\"nofollow noopener\" target=\"_blank\">IK Sirius<\/a>.<br \/>I vinter vill han l\u00e4mna Uppsalaklubben. <br \/>\u2013 Jag hoppas de g\u00e5r med p\u00e5 att s\u00e4lja mig i vinter, s\u00e4ger han till Iltalehti<\/strong>. <\/p>\n<p><img loading=\"lazy\" decoding=\"async\" width=\"1024\" height=\"576\" src=\"https:\/\/www.europesays.com\/se\/wp-content\/uploads\/2025\/10\/Leo-Lelo-Leo-1024x576.jpg\" alt=\"\" class=\"wp-image-326650\"  \/>Foto: Bildbyr\u00e5n<\/p>\n<p>Leo Walta har imponerat stort i IK Sirius den h\u00e4r s\u00e4songen trots att Uppsalaklubben g\u00e5tt tungt.<br \/>N\u00e5gon forts\u00e4ttning f\u00f6r honom i Sirius efter den h\u00e4r s\u00e4songen l\u00e4r det inte bli \u2013 i varje fall inte om han f\u00e5r v\u00e4lja sj\u00e4lv.<\/p>\n<p>\u2013 I somras fanns det klubbar som jag sj\u00e4lv hade velat g\u00e5 till. Men vi var i en s\u00e5dan sv\u00e5r situation i Sirius s\u00e5 jag kunde inte l\u00e4mna, s\u00e4ger han till Iltalehti och forts\u00e4tter: <br \/>\u2013 Vi hade tuffa diskussioner med klubben. Jag hoppas de g\u00e5r med p\u00e5 att s\u00e4lja mig i vinter. <\/p>\n<p>Han \u00e4r tydlig med att han vill flytta i vinter.<\/p>\n<p>\u2013 <strong>Det tydliga m\u00e5let \u00e4r att flytta till en tuffare liga och lag i vinter<\/strong>. Jag vill ta ett tydligt steg fram\u00e5t, en utmanande milj\u00f6 och att laget passar min spelstil.<\/p>\n<p>Walta st\u00e5r den h\u00e4r s\u00e4songen noterad f\u00f6r 13 m\u00e5l och sex assist p\u00e5 26 matcher i allsvenskan. Finl\u00e4ndaren har kontrakt med Sirius fram till sommaren 2028. <\/p>\n","protected":false},"excerpt":{"rendered":"Leo Walta har imponerat i IK Sirius.I vinter vill han l\u00e4mna Uppsalaklubben. \u2013 Jag hoppas de g\u00e5r med&hellip;\n","protected":false},"author":2,"featured_media":50522,"comment_status":"","ping_status":"","sticky":false,"template":"","format":"standard","meta":{"footnotes":""},"categories":[68],"tags":[1376,34,111,110,31,33,32,30],"class_list":{"0":"post-50521","1":"post","2":"type-post","3":"status-publish","4":"format-standard","5":"has-post-thumbnail","7":"category-sport","8":"tag-andra-trean","9":"tag-se","10":"tag-sport","11":"tag-sports","12":"tag-svenska","13":"tag-sverige","14":"tag-sweden","15":"tag-swedish"},"share_on_mastodon":{"url":"","error":""},"_links":{"self":[{"href":"https:\/\/www.europesays.com\/se\/wp-json\/wp\/v2\/posts\/50521","targetHints":{"allow":["GET"]}}],"collection":[{"href":"https:\/\/www.europesays.com\/se\/wp-json\/wp\/v2\/posts"}],"about":[{"href":"https:\/\/www.europesays.com\/se\/wp-json\/wp\/v2\/types\/post"}],"author":[{"embeddable":true,"href":"https:\/\/www.europesays.com\/se\/wp-json\/wp\/v2\/users\/2"}],"replies":[{"embeddable":true,"href":"https:\/\/www.europesays.com\/se\/wp-json\/wp\/v2\/comments?post=50521"}],"version-history":[{"count":0,"href":"https:\/\/www.europesays.com\/se\/wp-json\/wp\/v2\/posts\/50521\/revisions"}],"wp:featuredmedia":[{"embeddable":true,"href":"https:\/\/www.europesays.com\/se\/wp-json\/wp\/v2\/media\/50522"}],"wp:attachment":[{"href":"https:\/\/www.europesays.com\/se\/wp-json\/wp\/v2\/media?parent=50521"}],"wp:term":[{"taxonomy":"category","embeddable":true,"href":"https:\/\/www.europesays.com\/se\/wp-json\/wp\/v2\/categories?post=50521"},{"taxonomy":"post_tag","embeddable":true,"href":"https:\/\/www.europesays.com\/se\/wp-json\/wp\/v2\/tags?post=50521"}],"curies":[{"name":"wp","href":"https:\/\/api.w.org\/{rel}","templated":true}]}}