{"id":50531,"date":"2025-10-08T14:15:07","date_gmt":"2025-10-08T14:15:07","guid":{"rendered":"https:\/\/www.europesays.com\/se\/50531\/"},"modified":"2025-10-08T14:15:07","modified_gmt":"2025-10-08T14:15:07","slug":"tre-unga-man-atalas-efter-kidnappningen-i-strangnas","status":"publish","type":"post","link":"https:\/\/www.europesays.com\/se\/50531\/","title":{"rendered":"Tre unga m\u00e4n \u00e5talas efter kidnappningen i Str\u00e4ngn\u00e4s"},"content":{"rendered":"<p>Tre m\u00e4n i 20-\u00e5rs\u00e5ldern \u00e5talas f\u00f6r m\u00e4nniskorov, misst\u00e4nkta f\u00f6r inblandning i kidnappningen av en kvinna och hennes dotter i Str\u00e4ngn\u00e4s i april. Det rapporterar GP. <\/p>\n<p>Kvinnan och barnet hittades p\u00e5 en adress i Kung\u00e4lv flera dagar efter kidnappningen och de unga m\u00e4nnen greps kort efter\u00e5t. En av dem \u00e4r tidigare d\u00f6md f\u00f6r narkotikabrott och grovt vapenbrott, enligt tidningen. <\/p>\n<p>Enligt \u00e5talet handlade m\u00e4nniskorovet om en skuld. Motivet var att f\u00e5 tillbaka pengar fr\u00e5n kvinnans partner som blivit av med narkotika, enligt uppgifter till Aftonbladet och TV4 Nyheterna. Kanalen har tidigare rapporterat att h\u00e4ndelserna kopplas till det kriminella n\u00e4tverket D\u00f6dspatrullen. <\/p>\n<p>Samtliga nekar till att ha beg\u00e5tt m\u00e4nniskorov. <\/p>\n<p>Omni \u00e4r politiskt obundna och oberoende. Vi str\u00e4var efter att ge fler perspektiv p\u00e5 nyheterna. Har du fr\u00e5gor eller synpunkter kring v\u00e5r rapportering? <a href=\"https:\/\/omni.se\/tre-unga-man-atalas-efter-kidnappningen-i-strangnas\/a\/mailto:redaktion@omni.se\" class=\"ArticleActions_contactLink__W2F1M\" rel=\"nofollow noopener\" target=\"_blank\">Kontakta redaktionen<\/a><\/p>\n","protected":false},"excerpt":{"rendered":"Tre m\u00e4n i 20-\u00e5rs\u00e5ldern \u00e5talas f\u00f6r m\u00e4nniskorov, misst\u00e4nkta f\u00f6r inblandning i kidnappningen av en kvinna och hennes dotter&hellip;\n","protected":false},"author":2,"featured_media":50532,"comment_status":"","ping_status":"","sticky":false,"template":"","format":"standard","meta":{"footnotes":""},"categories":[5],"tags":[22,23,128,26,27,1456,17,21,5001,24,25,28,29,15,16,18,34,1547,1546,31,33,32,30,19,20,1084],"class_list":{"0":"post-50531","1":"post","2":"type-post","3":"status-publish","4":"format-standard","5":"has-post-thumbnail","7":"category-rubriker","8":"tag-breaking-news","9":"tag-breakingnews","10":"tag-brott","11":"tag-featured-news","12":"tag-featurednews","13":"tag-gangvaldet","14":"tag-headlines","15":"tag-huvudnyheter","16":"tag-kungalv","17":"tag-latest-news","18":"tag-latestnews","19":"tag-main-news","20":"tag-mainnews","21":"tag-news","22":"tag-nyheter","23":"tag-rubriker","24":"tag-se","25":"tag-sodermanlands-lan","26":"tag-strangnas","27":"tag-svenska","28":"tag-sverige","29":"tag-sweden","30":"tag-swedish","31":"tag-top-stories","32":"tag-topstories","33":"tag-vastra-gotalands-lan"},"share_on_mastodon":{"url":"","error":""},"_links":{"self":[{"href":"https:\/\/www.europesays.com\/se\/wp-json\/wp\/v2\/posts\/50531","targetHints":{"allow":["GET"]}}],"collection":[{"href":"https:\/\/www.europesays.com\/se\/wp-json\/wp\/v2\/posts"}],"about":[{"href":"https:\/\/www.europesays.com\/se\/wp-json\/wp\/v2\/types\/post"}],"author":[{"embeddable":true,"href":"https:\/\/www.europesays.com\/se\/wp-json\/wp\/v2\/users\/2"}],"replies":[{"embeddable":true,"href":"https:\/\/www.europesays.com\/se\/wp-json\/wp\/v2\/comments?post=50531"}],"version-history":[{"count":0,"href":"https:\/\/www.europesays.com\/se\/wp-json\/wp\/v2\/posts\/50531\/revisions"}],"wp:featuredmedia":[{"embeddable":true,"href":"https:\/\/www.europesays.com\/se\/wp-json\/wp\/v2\/media\/50532"}],"wp:attachment":[{"href":"https:\/\/www.europesays.com\/se\/wp-json\/wp\/v2\/media?parent=50531"}],"wp:term":[{"taxonomy":"category","embeddable":true,"href":"https:\/\/www.europesays.com\/se\/wp-json\/wp\/v2\/categories?post=50531"},{"taxonomy":"post_tag","embeddable":true,"href":"https:\/\/www.europesays.com\/se\/wp-json\/wp\/v2\/tags?post=50531"}],"curies":[{"name":"wp","href":"https:\/\/api.w.org\/{rel}","templated":true}]}}