{"id":50561,"date":"2025-10-08T15:04:07","date_gmt":"2025-10-08T15:04:07","guid":{"rendered":"https:\/\/www.europesays.com\/se\/50561\/"},"modified":"2025-10-08T15:04:07","modified_gmt":"2025-10-08T15:04:07","slug":"anna-lena-forskar-om-barn-och-ungdomar-med-typ-1-diabetes","status":"publish","type":"post","link":"https:\/\/www.europesays.com\/se\/50561\/","title":{"rendered":"Anna-Lena forskar om barn och ungdomar med typ 1 diabetes"},"content":{"rendered":"<p class=\"font-normal\">Anna-Lena Fureman \u00e4r \u00f6verl\u00e4kare i barn-och ungdomsmedicin p\u00e5 barnkliniken p\u00e5 \u00d6stersunds sjukhus. Hon kommer fr\u00e5n Uppsala, d\u00e4r hon \u00e4ven studerade till l\u00e4kare. H\u00e4r tr\u00e4ffade hon \u00e4ven sin man H\u00e5kan som hon har fyra barn tillsamman med.<\/p>\n<p class=\"font-normal\">\u2013Jag tycker om att fj\u00e4llvandra, \u00e5ka skidor b\u00e5de p\u00e5 l\u00e4ngden och utf\u00f6r samt paddla kajak. B\u00e4r- och svampplockning \u00e4r ocks\u00e5 roligt. Vi har en fj\u00e4llstuga i Bruksvallarna. Jag nyttjar g\u00e4rna ledig tid till att sticka, l\u00e4sa b\u00f6cker och spela piano. Byggnadsv\u00e5rd \u00e4r ett annat intresse, vilket faller sig naturligt eftersom vi bor i ett gammalt hus.<\/p>\n<p>Pappa och lillasyster inspirerade<\/p>\n<p class=\"font-normal\">Anna-Lena Fureman har alltid varit nyfiken p\u00e5 forskning, men inte riktigt haft tid f\u00f6r det d\u00e5 arbetet och de fyra barnen tagit mycket tid i anspr\u00e5k. Hennes pappa, som ocks\u00e5 var barnl\u00e4kare och forskare, samt hennes lillasyster har varit inspirationsk\u00e4llor och f\u00f6rebilder f\u00f6r henne.<\/p>\n<p class=\"font-normal\">\u2013N\u00e4r jag sedan fick fr\u00e5gan om att b\u00f6rja med forskning och m\u00f6jlighet att g\u00e5 en forskarutbildning, s\u00e5 k\u00e4ndes det sj\u00e4lvklart.<\/p>\n<p>Teknik och glukoskontroll hos barn och ungdomar med typ 1 diabetes<\/p>\n<p class=\"font-normal\">Anna-Lena Fureman har arbetat kliniskt med barn och ungdomar som har typ 1 diabetes i mer \u00e4n 20 \u00e5r, s\u00e5 det k\u00e4ndes sj\u00e4lvklart som det omr\u00e5de hon ville forska kring.<\/p>\n<p class=\"font-normal\">\u2013Det b\u00f6rjade med att vi deltog i ett kvalitetsprojekt &#8221;IQ-1&#8221; d\u00e4r diabetesteam fr\u00e5n hela landet l\u00e4rde av varandra f\u00f6r att utveckla barndiabetesv\u00e5rden till att bli mer j\u00e4mlik i landet. Jag blev sedan tillfr\u00e5gad om jag ville vara med i styrgruppen f\u00f6r det nationella barndiabetesregistret &#8221;Swediabkids&#8221; och fick sedan fr\u00e5gan om jag skulle vilja forska p\u00e5 data fr\u00e5n registret. Det k\u00e4ndes roligt att f\u00e5 anv\u00e4nda data som vi bidragit med att samla in under alla \u00e5r d\u00e5 varje patient som vi tr\u00e4ffar p\u00e5 barndiabetesmottagningen rapporteras in till registret. Det har ocks\u00e5 en v\u00e4ldigt h\u00f6g t\u00e4ckningsgrad, 98 %, vilket g\u00f6r det mer tillf\u00f6rlitligt.<\/p>\n<p class=\"font-normal\"><strong>Bakgrund:<\/strong> Det har skett en snabb teknisk utveckling under det senaste decenniet g\u00e4llande insulinpumpar och kontinuerlig glukosmonitorering (CGM) f\u00f6r barn och ungdomar med typ 1-diabetes. F\u00e5 studier har utf\u00f6rts i Sverige p\u00e5 data fr\u00e5n barn med typ 1-diabetes f\u00f6r att unders\u00f6ka effekterna av s\u00e5dana tekniska hj\u00e4lpmedel p\u00e5 glukosmetabolisk kontroll och partiell klinisk remission. <\/p>\n<p class=\"font-normal\"><strong>Syfte:<\/strong> Syftet med denna avhandling var att ut\u00f6ka f\u00f6rst\u00e5elsen f\u00f6r vilka metoder f\u00f6r insulinadministrering och glukosmonitorering som ger b\u00e4st m\u00f6jlighet att uppn\u00e5 god glukosmetabolisk kontroll hos barn och ungdomar med typ 1 diabetes, och att utforska ungdomars och f\u00f6r\u00e4ldrars erfarenheter av att anv\u00e4nda tekniska hj\u00e4lpmedel som insulinpumpar och CGM, glukosm\u00e5let och st\u00f6det fr\u00e5n v\u00e5rden.<\/p>\n<p class=\"font-normal\"><strong>Slutsatser: <\/strong>Ny teknik underl\u00e4ttar livet med typ 1-diabetes f\u00f6r b\u00e5de ungdomar och deras f\u00f6r\u00e4ldrar, och CGM och insulinpumpbehandling f\u00f6rb\u00e4ttrar glykemisk kontroll utan betydande biverkningar och verkar bidra till en l\u00e4ngre period av *partiell remission. Det finns oro kring BMI-f\u00f6r\u00e4ndringar kopplade till anv\u00e4ndningen av insulinpumpar, s\u00e4rskilt bland ton\u00e5ringar, men ur ett anv\u00e4ndarperspektiv ger dessa hj\u00e4lpmedel f\u00f6rb\u00e4ttringar i livskvalitet, b\u00e5de f\u00f6r de ungdomar som anv\u00e4nder dem och deras f\u00f6r\u00e4ldrar. Eftersom n\u00e4stan alla barn och ungdomar med typ 1 diabetes nu har insulinpump och CGM m\u00e5ste diabetesteamen h\u00e5lla j\u00e4mna steg med den snabba tekniska utvecklingen f\u00f6r att st\u00f6dja patienterna och deras familjer samt vara vaksamma p\u00e5 eventuella negativa konsekvenser av deras anv\u00e4ndning.<\/p>\n<p class=\"font-normal\">*Partiell remission av diabetes inneb\u00e4r ett tillf\u00e4lligt minskat behov av insulin och n\u00e4ra normala blodsockerniv\u00e5er, men utan att vara helt fri fr\u00e5n sjukdomen. Vid typ 1-diabetes kallas detta &#8221;smekm\u00e5nadsfas\u201d.<\/p>\n<p>En nyfiken atmosf\u00e4r<\/p>\n<p class=\"font-normal\">\u2013Det \u00e4r ett v\u00e4ldigt gott forskningsklimat i Region JH och det \u00e4r fantastiskt att f\u00e5 m\u00f6jlighet att kombinera kliniskt arbete med forskning. Vi \u00e4r nu flera l\u00e4kare som disputerat p\u00e5 Barn &#8211; och ungdomsmedicin och det har lett till ett vetenskapligt f\u00f6rh\u00e5llningss\u00e4tt och en nyfiken atmosf\u00e4r.<\/p>\n<p class=\"font-normal\">Hon tycker att en f\u00f6rdel med att forska \u00e4r att det \u00e4r v\u00e4ldigt stimulerande att l\u00e4ra sig nya saker och att v\u00e4xla forskning med kliniskt arbete. Nackdelen \u00e4r att det ibland kan bli v\u00e4ldigt mycket att g\u00f6ra. Anna-Lena Furemans b\u00e4sta tips till forskningssugna kollegor blir att de ska v\u00e4lja handledare med omsorg och ett \u00e4mne som man \u00e4r mycket intresserad av. T\u00e5lamod och envishet \u00e4r det ocks\u00e5 bra att ha i bagaget.<\/p>\n<p class=\"font-normal\"><strong>Anna-Lena Fureman disputerar med sin avhandling; <\/strong>Technology and Glucose Metabolic Control in Children and Adolescents with Type 1 Diabetes \/ Teknik och glukoskontroll hos barn och ungdomar med typ 1 diabetes.<\/p>\n<p class=\"font-normal\"><strong>Tid och plats:<\/strong> Fredag den 10 oktober klockan 13:00 i H\u00f6rsalen Sn\u00e4ckan, \u00d6stersunds sjukhus. <a href=\"https:\/\/diva-portal.org\/smash\/record.jsf?pid=diva2%3A1998449&amp;dswid=-4239\" rel=\"external nofollow noopener\" target=\"_blank\">L\u00e4nk till avhandlingen i sin helhet L\u00e4nk till annan webbplats, \u00f6ppnas i nytt f\u00f6nster.<\/a><\/p>\n<p class=\"font-normal\">Teamsl\u00e4nk: <a href=\"https:\/\/teams.microsoft.com\/l\/meetup-join\/19%3ameeting_YTY3MzA2ZTYtYzFmMi00YzBhLThkOGYtYTg4NWMwMTkxYjYw%40thread.v2\/0?context=%7b%22Tid%22%3a%22d3b4cf3a-ca77-4a02-aefa-f4398591468f%22%2c%22Oid%22%3a%22487bfab6-50c9-4199-9a2c-ff41eca6767a%22%7d\" rel=\"nofollow noopener\" target=\"_blank\">https:\/\/teams.microsoft.com\/l\/meetup-join\/19%3ameeting_YTY3MzA2ZTYtYzFmMi00YzBhLThkOGYtYTg4NWMwMTkxYjYw%40thread.v2\/0?context=%7b%22Tid%22%3a%22d3b4cf3a-ca77-4a02-aefa-f4398591468f%22%2c%22Oid%22%3a%22487bfab6-50c9-4199-9a2c-ff41eca6767a%22%7d L\u00e4nk till annan webbplats.<\/a><\/p>\n","protected":false},"excerpt":{"rendered":"Anna-Lena Fureman \u00e4r \u00f6verl\u00e4kare i barn-och ungdomsmedicin p\u00e5 barnkliniken p\u00e5 \u00d6stersunds sjukhus. Hon kommer fr\u00e5n Uppsala, d\u00e4r hon&hellip;\n","protected":false},"author":2,"featured_media":37425,"comment_status":"","ping_status":"","sticky":false,"template":"","format":"standard","meta":{"footnotes":""},"categories":[69],"tags":[113,112,34,31,33,32,30],"class_list":{"0":"post-50561","1":"post","2":"type-post","3":"status-publish","4":"format-standard","5":"has-post-thumbnail","7":"category-halsa","8":"tag-halsa","9":"tag-health","10":"tag-se","11":"tag-svenska","12":"tag-sverige","13":"tag-sweden","14":"tag-swedish"},"share_on_mastodon":{"url":"","error":""},"_links":{"self":[{"href":"https:\/\/www.europesays.com\/se\/wp-json\/wp\/v2\/posts\/50561","targetHints":{"allow":["GET"]}}],"collection":[{"href":"https:\/\/www.europesays.com\/se\/wp-json\/wp\/v2\/posts"}],"about":[{"href":"https:\/\/www.europesays.com\/se\/wp-json\/wp\/v2\/types\/post"}],"author":[{"embeddable":true,"href":"https:\/\/www.europesays.com\/se\/wp-json\/wp\/v2\/users\/2"}],"replies":[{"embeddable":true,"href":"https:\/\/www.europesays.com\/se\/wp-json\/wp\/v2\/comments?post=50561"}],"version-history":[{"count":0,"href":"https:\/\/www.europesays.com\/se\/wp-json\/wp\/v2\/posts\/50561\/revisions"}],"wp:featuredmedia":[{"embeddable":true,"href":"https:\/\/www.europesays.com\/se\/wp-json\/wp\/v2\/media\/37425"}],"wp:attachment":[{"href":"https:\/\/www.europesays.com\/se\/wp-json\/wp\/v2\/media?parent=50561"}],"wp:term":[{"taxonomy":"category","embeddable":true,"href":"https:\/\/www.europesays.com\/se\/wp-json\/wp\/v2\/categories?post=50561"},{"taxonomy":"post_tag","embeddable":true,"href":"https:\/\/www.europesays.com\/se\/wp-json\/wp\/v2\/tags?post=50561"}],"curies":[{"name":"wp","href":"https:\/\/api.w.org\/{rel}","templated":true}]}}