{"id":50567,"date":"2025-10-08T15:13:06","date_gmt":"2025-10-08T15:13:06","guid":{"rendered":"https:\/\/www.europesays.com\/se\/50567\/"},"modified":"2025-10-08T15:13:06","modified_gmt":"2025-10-08T15:13:06","slug":"gorans-cancer-forsvann-pa-en-manad-med-ny-behandling","status":"publish","type":"post","link":"https:\/\/www.europesays.com\/se\/50567\/","title":{"rendered":"G\u00f6rans cancer f\u00f6rsvann p\u00e5 en m\u00e5nad med ny behandling"},"content":{"rendered":"<p><a data-test-tag=\"internal-link\" href=\"https:\/\/www.aftonbladet.se\/av\/jonas-sylven-moller\" class=\"hyperion-css-13ns1rr\" rel=\"nofollow noopener\" target=\"\" aria-label=\"Se alla artiklar av Jonas Sylv\u00e9n M\u00f6ller\"><img decoding=\"async\" class=\"image-asset hyperion-css-n6kkq1\" data-test-tag=\"image-asset\" src=\"https:\/\/www.europesays.com\/se\/wp-content\/uploads\/2025\/10\/cf01d26c-f5d6-4f9e-b3bf-7f811777a69e\"  alt=\"\"  loading=\"lazy\" fetchpriority=\"auto\" style=\"aspect-ratio:1900 \/ 1900\"\/><\/a>share-arrowDela<\/p>\n<p>unsaveSpara<\/p>\n<p>expand-left<\/p>\n<p>helsk\u00e4rm<img decoding=\"async\" class=\"image-asset hyperion-css-32oy4o\" data-test-tag=\"image-asset\" src=\"https:\/\/www.europesays.com\/se\/wp-content\/uploads\/2025\/10\/55de31f6-bc05-4ed7-82b2-96b8b006fdd6\"  alt=\"G\u00f6ran Eriksson blev f\u00f6rst i v\u00e4rlden att prova metoden. \"  loading=\"eager\" fetchpriority=\"high\" style=\"aspect-ratio:1900 \/ 1378\"\/>G\u00f6ran Eriksson blev f\u00f6rst i v\u00e4rlden att prova metoden. Foto: Filip Meneses<\/p>\n<p class=\"hyperion-css-1shl3oz\" data-test-tag=\"lead-text\">Cancern har p\u00e5verkat hela G\u00f6ran Erikssons liv \u2013 och varit n\u00e4ra p\u00e5 att ta det ifr\u00e5n honom. <\/p>\n<p class=\"hyperion-css-1shl3oz\" data-test-tag=\"lead-text\">N\u00e4r han testade en ny behandlingsform f\u00f6rsvann sjukdomen p\u00e5 en m\u00e5nad. <\/p>\n<p class=\"hyperion-css-1shl3oz\" data-test-tag=\"lead-text\">\u2013 Jag \u00e4r otroligt tacksam, s\u00e4ger han. <\/p>\n<ul class=\"hyperion-css-e9gx76\" data-test-tag=\"list\">\n<li class=\"hyperion-css-1d843yr\">G\u00f6ran Eriksson, som har k\u00e4mpat mot lymfk\u00f6rtelcancer i 25 \u00e5r, deltog som den f\u00f6rsta i v\u00e4rlden i en studie vid Uppsala universitet d\u00e4r han fick en innovativ behandling med genetiskt modifierade T-celler.  <\/li>\n<li class=\"hyperion-css-1d843yr\">Behandlingen, d\u00e4r T-celler \u201dbyggdes om\u201d f\u00f6r att angripa cancerceller, ledde till att alla cancerceller f\u00f6rsvann inom en m\u00e5nad efter p\u00e5b\u00f6rjad behandling, vilket forskare beskriver som en potentiell genombrottsmetod.  <\/li>\n<li class=\"hyperion-css-1d843yr\">Nio m\u00e5nader efter behandlingen \u00e4r G\u00f6ran Eriksson fortsatt cancerfri och tacksam, med planer p\u00e5 att sluta arbeta och leva ett aktivt liv med sin fru.  <\/li>\n<\/ul>\n<p>L\u00e4s mer<\/p>\n<p class=\"paywall hyperion-css-1v9qo5x\">58-\u00e5rige G\u00f6ran Eriksson, hemmah\u00f6rande i <a data-test-tag=\"internal-link\" href=\"https:\/\/www.aftonbladet.se\/tagg\/oxelosund\" class=\"hyperion-css-15jkft9\" rel=\"nofollow noopener\" target=\"\" aria-label=\"Oxel\u00f6sund\">Oxel\u00f6sund<\/a>, har jagats av cancern i 25 \u00e5r. <\/p>\n<p class=\"paywall hyperion-css-1v9qo5x\">Nyligen var han den f\u00f6rste i v\u00e4rlden att testa en ny behandlingsform som beskrivits som \u201dscience fiction\u201d. <\/p>\n<p class=\"paywall hyperion-css-1v9qo5x\">En m\u00e5nad efter att han p\u00e5b\u00f6rjat den nya metoden f\u00f6rsvann sjukdomen. <\/p>\n<p class=\"paywall hyperion-css-1v9qo5x\">P\u00e5 fr\u00e5gan om han \u00e4r orolig att cancern ska komma tillbaka \u00e4r han tydlig: <\/p>\n<p class=\"paywall hyperion-css-1v9qo5x\">\u2013 Nej, nej, nej. Det har jag l\u00e4rt mig. Det kan man inte vara, s\u00e4ger G\u00f6ran Eriksson n\u00e4r Aftonbladet tr\u00e4ffar honom. <\/p>\n<p class=\"paywall hyperion-css-1v9qo5x\">Han tar en klunk kaffe och lutar sig bak\u00e5t i stolen. <\/p>\n<p class=\"paywall hyperion-css-1v9qo5x\">\u2013 Jag har ju h\u00e5llit p\u00e5 mycket med sport. Spelat bandy. M\u00f6tt Jonas Claesson. Man hade ju inte en chans n\u00e4r han \u00e5kte f\u00f6rbi. Men det t\u00e4nkte man inte p\u00e5. Jag skulle ta honom i alla fall. Det \u00e4r ju s\u00e5, man vill liksom fram\u00e5t \u2013 upp\u00e5t. <\/p>\n<p>G\u00f6rans pappa dog i samma cancerform <\/p>\n<p class=\"paywall hyperion-css-1v9qo5x\">\u00c5r 2001 var G\u00f6ran Eriksson 34 och levde familjeliv. Pl\u00f6tsligt uppt\u00e4ckte han konstiga kn\u00f6lar p\u00e5 halsen. N\u00e5gra intensiva dagar senare, best\u00e5ende av flera sjukhusbes\u00f6k och olika unders\u00f6kningar, fick han beskedet: Lymfk\u00f6rtelcancer. <\/p>\n<p class=\"paywall hyperion-css-1v9qo5x\">\u2013 Det var hemskt. Min far dog i den cancerformen n\u00e4r jag var ett \u00e5r gammal. Jag s\u00e5g framf\u00f6r mig att jag skulle g\u00e5 samma v\u00e4g. Att jag skulle d\u00f6 ifr\u00e5n mina ungar. <\/p>\n<p class=\"paywall hyperion-css-1v9qo5x\">G\u00f6ran Eriksson fick tabletter. Kn\u00f6larna f\u00f6rsvann, men kom snabbt tillbaka. <\/p>\n<p class=\"paywall hyperion-css-1v9qo5x\">Och s\u00e5 d\u00e4r har G\u00f6ran Erikssons cancer tett sig genom \u00e5ren. Den har f\u00f6rsvunnit och kommit tillbaka. Han har genomg\u00e5tt de flesta behandlingar som finns. Cellgifter, str\u00e5lning, injektioner, stamcellsbyten och immunterapi. <\/p>\n<p class=\"paywall hyperion-css-1v9qo5x\">Ibland har cancern varit mildare, ibland mer aggressiv. <\/p>\n<p class=\"paywall hyperion-css-1v9qo5x\">G\u00f6ran Eriksson beskriver att tillvaron f\u00f6rv\u00e4rrades runt 2015. D\u00e5 blev han tvungen att sjukskriva sig fr\u00e5n jobbet. <\/p>\n<p class=\"paywall hyperion-css-1v9qo5x\">\u2013 Vad ska jag s\u00e4ga? D\u00e5 struntade jag i allt. <\/p>\n<p class=\"paywall hyperion-css-1v9qo5x\"><strong>Vad menar du? Blev du deprimerad? <\/strong><\/p>\n<p class=\"paywall hyperion-css-1v9qo5x\">\u2013 Nej, det kan jag inte p\u00e5st\u00e5. F\u00f6r jag har ju spelat golf hela tiden. Jag har gjort massor av saker. \u00c5kt utomlands och tippat p\u00e5 trav. Elitloppshelgen \u00e4r ett m\u00e5ste. Det var mer &#8230; att jag k\u00e4nde mig klar med allt. <\/p>\n<p class=\"paywall hyperion-css-1v9qo5x\"><strong>Med behandlingarna? <\/strong><\/p>\n<p class=\"paywall hyperion-css-1v9qo5x\">\u2013 Nej, men liksom allting. Jag k\u00e4nde mig klar med den h\u00e4r biten. Jag ville inte h\u00e5lla p\u00e5 med det mer. Det kom ju nytt hela tiden. Det var som att hela tiden g\u00e5 i en uppf\u00f6rsbacke som aldrig tar slut. <\/p>\n<p class=\"paywall hyperion-css-1v9qo5x\">2018 var han n\u00e4ra att mista livet. <\/p>\n<p class=\"paywall hyperion-css-1v9qo5x\">\u2013 Jag har f\u00e5tt hj\u00e4rtinfarkt, infektioner och diabetes p\u00e5 grund av cancern och alla behandlingar. Vid ett tillf\u00e4lle, n\u00e4r jag redan hade lunginflammation, fick jag blodf\u00f6rgiftning. L\u00e4karen s\u00e5g vilket skick jag var i \u2013\u00a0helt blek och kallsvettig. <\/p>\n<p class=\"paywall hyperion-css-1v9qo5x\">G\u00f6ran Eriksson fick s\u00f6vas ner i \u00e5tta dygn. <\/p>\n<p class=\"paywall hyperion-css-1v9qo5x\">\u2013 Jag h\u00f6ll ju p\u00e5 att d\u00f6. Lungorna var som disktrasor, s\u00e4ger han. <\/p>\n<p>St\u00e4lldes inf\u00f6r tv\u00e5 alternativ <\/p>\n<p class=\"paywall hyperion-css-1v9qo5x\">2024 var cancern tillbaka igen. D\u00e5 fick han tv\u00e5 alternativ: Antingen skulle han ta en tablett dagligen resten av livet. En tablett med risk f\u00f6r jobbiga biverkningar. Eller s\u00e5 kunde han g\u00e5 med i en studie vid Uppsala universitet \u2013 och bli f\u00f6rst i v\u00e4rlden att testa en helt ny behandling. <a aria-label=\"N\u00e5gonting som UNT var f\u00f6rst med att ber\u00e4tta om. \" class=\"default hyperion-css-15jkft9\" href=\"https:\/\/www.unt.se\/story-nyheter\/uppsala\/artikel\/goran-levde-med-cancer-i-25-ar-sen-forsvann-den-pa-en-manad\/r04vy1dl\" rel=\"noopener nofollow noreferrer\" data-test-tag=\"external-link\" target=\"_blank\">N\u00e5gonting som UNT var f\u00f6rst med att ber\u00e4tta om. <\/a><\/p>\n<p class=\"paywall hyperion-css-1v9qo5x\">G\u00f6ran Eriksson valde studien. <\/p>\n<p class=\"paywall hyperion-css-1v9qo5x\">\u2013 Det var ett enkelt val. Jag hade l\u00e4st in mig p\u00e5 studien, s\u00e5 jag visste vad det handlade om, s\u00e4ger han. <\/p>\n<p>expand-left<\/p>\n<p>helsk\u00e4rm<img decoding=\"async\" class=\"image-asset hyperion-css-xfs3yj\" data-test-tag=\"image-asset\" src=\"https:\/\/www.europesays.com\/se\/wp-content\/uploads\/2025\/10\/fc3a60fd-7ceb-4110-99bc-b46a39609297\"  alt=\"Gunilla Enblad \u00e4r professor och \u00f6verl\u00e4kare vid Akademiska sjukhuset och Uppsala universitet. \"  loading=\"eager\" fetchpriority=\"high\" style=\"aspect-ratio:1900 \/ 1379\"\/>Gunilla Enblad \u00e4r professor och \u00f6verl\u00e4kare vid Akademiska sjukhuset och Uppsala universitet. Foto: Filip Meneses<\/p>\n<p class=\"paywall hyperion-css-1v9qo5x\">Gunilla Enblad \u00e4r professor och \u00f6verl\u00e4kare vid Akademiska sjukhuset och Uppsala universitet. <\/p>\n<p class=\"paywall hyperion-css-1v9qo5x\">Hon har lett studiens kliniska pr\u00f6vningar men framh\u00e5ller att kollegorna professor Magnus Essand och hans medarbetare Di Yu, vid Uppsala universitet, \u00e4r de som tagit fram den nya metoden. <\/p>\n<p class=\"paywall hyperion-css-1v9qo5x\">Hon beskriver hur allt har g\u00e5tt till: <\/p>\n<p class=\"paywall hyperion-css-1v9qo5x\">Kortfattat kan man s\u00e4ga att T-celler plockades ut ur hans kropp, \u201dbyggdes om\u201d och utrustades med s\u00e4rskilda egenskaper. N\u00e4r cellerna sedan sattes tillbaka i kroppen igen fungerade de som cancerd\u00f6dande m\u00e5ls\u00f6kande missiler. De modifierade T-cellerna s\u00f6kte allts\u00e5 upp cancercellerna, attackerade och f\u00f6rintade dem. <\/p>\n<p class=\"paywall hyperion-css-1v9qo5x\">\u2013 T-celler har man jobbat med i v\u00e4rlden tidigare p\u00e5 det h\u00e4r s\u00e4ttet. Men T-celler med just den h\u00e4r konstruktionen var G\u00f6ran den f\u00f6rsta m\u00e4nniskan i v\u00e4rlden att f\u00e5. Det nya med v\u00e5ra \u00e4r att de har en ny f\u00f6rst\u00e4rkt konstruktion som f\u00f6rhoppningsvis \u00e4r \u00e4nnu b\u00e4ttre \u00e4n de kommersiella, s\u00e4ger Gunilla Enblad. <\/p>\n<p class=\"paywall hyperion-css-1v9qo5x\">Hon f\u00f6rklarar att det inte kr\u00e4vs n\u00e5gon operation. G\u00f6ran fick slangar i armarna p\u00e5 ett s\u00e4tt som p\u00e5minner om hur en blodgivning g\u00e5r till. Dock \u00e4r behandlingen dyr. Att k\u00f6pa in modifierade T-celler fr\u00e5n f\u00f6retag kostar ungef\u00e4r tre miljoner kronor, men de som hennes team har gjort \u00e4r billigare, enligt Gunilla Enblad. <\/p>\n<p>Alla cancerceller borta efter en m\u00e5nad <\/p>\n<p class=\"paywall hyperion-css-1v9qo5x\">Bara n\u00e5gra dagar efter att de m\u00e5ls\u00f6kande cancerd\u00f6dande cellerna satts in i G\u00f6ran Erikssons kropp syntes god effekt. <\/p>\n<p class=\"paywall hyperion-css-1v9qo5x\">Efter en m\u00e5nad var alla cancerceller borta. <\/p>\n<p class=\"paywall hyperion-css-1v9qo5x\">Gunilla Enblad ber\u00e4ttar att en av forskarna, som i tio \u00e5r jobbat med att konstruera de s\u00e4rskilda cellerna, gr\u00e4t av gl\u00e4dje n\u00e4r han fick veta att allt g\u00e5tt bra. <\/p>\n<p class=\"paywall hyperion-css-1v9qo5x\"><strong>Fungerar den h\u00e4r metoden mot andra cancersjukdomar ocks\u00e5? <\/strong><\/p>\n<p class=\"paywall hyperion-css-1v9qo5x\">\u2013 Nej, det fungerar mot lymfomen. Det skulle kunna fungera mot andra autoimmuna sjukdomar. Men sedan m\u00e5ste man byta vad T-cellerna ska rikta sig mot. V\u00e5r n\u00e4sta studie blir mot hj\u00e4rntum\u00f6rer. Men vi \u00e4r bara i b\u00f6rjan av utvecklingen. Det kommer att bli mer och mer av det h\u00e4r, s\u00e4ger Gunilla Enblad. <\/p>\n<p class=\"paywall hyperion-css-1v9qo5x\"><strong>Hur pass revolutionerande \u00e4r det h\u00e4r ur ett forskningsperspektiv? <\/strong><\/p>\n<p class=\"paywall hyperion-css-1v9qo5x\">\u2013 Det \u00e4r ju v\u00e4ldigt kul. Men jag v\u00e5gar inte riktigt ta till de d\u00e4r \u00f6verorden \u00e4nnu. Det har bara g\u00e5tt nio m\u00e5nader \u00e4n s\u00e5 l\u00e4nge. Vi vill veta lite mer p\u00e5 l\u00e4ngre sikt, s\u00e4ger hon. <\/p>\n<p>expand-left<\/p>\n<p>helsk\u00e4rm<img decoding=\"async\" class=\"image-asset hyperion-css-1sne2zm\" data-test-tag=\"image-asset\" src=\"https:\/\/www.europesays.com\/se\/wp-content\/uploads\/2025\/10\/2645562c-004f-4492-8b20-6c32e12ac3bc\"  alt=\"G\u00f6ran Eriksson och Gunilla Enblad ber\u00e4ttade f\u00f6r Aftonbladet. \"  loading=\"eager\" fetchpriority=\"high\" style=\"aspect-ratio:1900 \/ 1291\"\/>G\u00f6ran Eriksson och Gunilla Enblad ber\u00e4ttade f\u00f6r Aftonbladet. Foto: Filip Meneses\u201dSpela golf, \u00e5ka till Thailand\u201d <\/p>\n<p class=\"paywall hyperion-css-1v9qo5x\">Det har allts\u00e5 g\u00e5tt nio m\u00e5nader sedan G\u00f6ran Eriksson fick de modifierade T-cellerna. Cancern har inte kommit tillbaka. Ju l\u00e4ngre tid som g\u00e5r som cancerfri, desto st\u00f6rre \u00e4r chansen att sjukdomen \u00e4r borta f\u00f6r alltid. <\/p>\n<p class=\"paywall hyperion-css-1v9qo5x\">\u2013 Jag \u00e4r otroligt tacksam. S\u00e5 \u00e4r det ju. Det finns s\u00e5 mycket \u00f6verord att ta till, men jag \u00e4r tacksam. Jag har tr\u00e4ffat forskarna, sagt att jag \u00e4r tacksam och att de har gjort ett fantastiskt arbete, s\u00e4ger G\u00f6ran Eriksson. <\/p>\n<p class=\"paywall hyperion-css-1v9qo5x\"><strong>Vad ser du fram emot att g\u00f6ra i livet nu? <\/strong><\/p>\n<p class=\"paywall hyperion-css-1v9qo5x\">\u2013 Jag t\u00e4nker sluta jobba snart. Jag har ju varit sjuk s\u00e5 l\u00e4nge. Sedan vill jag g\u00f6ra saker med min fru, Susanne. Spela golf, \u00e5ka till Thailand, s\u00e4ger G\u00f6ran Eriksson. <\/p>\n<p>FAKTACar-T-cellsbehandling<\/p>\n<p class=\"hyperion-css-jonaf8\">arrow F\u00f6renklat g\u00e5r behandlingen ut p\u00e5 att omprogrammera immunf\u00f6rsvarets T-celler (vita blodkroppar) s\u00e5 att de mer effektivt kan identifiera och f\u00f6rg\u00f6ra tum\u00f6rceller.<\/p>\n<p class=\"hyperion-css-jonaf8\">arrow Car st\u00e5r f\u00f6r chimeric antigen receptor och behandlingen inneb\u00e4r att patientens egna T-celler (vita blodkroppar) omprogrammeras s\u00e5 att de mer effektivt kan identifiera och f\u00f6rg\u00f6ra cancerceller.<\/p>\n<p class=\"hyperion-css-jonaf8\">arrow Car-T-celler framst\u00e4lls fr\u00e5n patientens blod och ges sedan till patienten som en intraven\u00f6s injektion.<\/p>\n<p class=\"hyperion-css-jonaf8\">arrow Det nya med Car-T-Cellerna som tas upp i den h\u00e4r artikeln \u00e4r att cellerna har en ny f\u00f6rst\u00e4rkt konstruktion, som f\u00f6rhoppningsvis \u00e4r \u00e4nnu b\u00e4ttre \u00e4n de tidigare. <\/p>\n<p class=\"hyperion-css-jonaf8\">arrow Behandlingen kan ge biverkningar i form av \u00f6veraktivering av immunsystemet eller neurologisk p\u00e5verkan. B\u00e5da brukar g\u00e5 \u00f6ver av sig sj\u00e4lv men patienten kan beh\u00f6va sjukhusv\u00e5rd eller intensivv\u00e5rd.<\/p>\n<p class=\"hyperion-css-jonaf8\">K\u00e4lla: Regionala cancercentrum i samverkan, Lancet, Gunilla Enblad<\/p>\n<p>L\u00e4s mer<\/p>\n","protected":false},"excerpt":{"rendered":"share-arrowDela unsaveSpara expand-left helsk\u00e4rmG\u00f6ran Eriksson blev f\u00f6rst i v\u00e4rlden att prova metoden. Foto: Filip Meneses Cancern har p\u00e5verkat&hellip;\n","protected":false},"author":2,"featured_media":50568,"comment_status":"","ping_status":"","sticky":false,"template":"","format":"standard","meta":{"footnotes":""},"categories":[69],"tags":[113,112,34,31,33,32,30],"class_list":{"0":"post-50567","1":"post","2":"type-post","3":"status-publish","4":"format-standard","5":"has-post-thumbnail","7":"category-halsa","8":"tag-halsa","9":"tag-health","10":"tag-se","11":"tag-svenska","12":"tag-sverige","13":"tag-sweden","14":"tag-swedish"},"share_on_mastodon":{"url":"","error":""},"_links":{"self":[{"href":"https:\/\/www.europesays.com\/se\/wp-json\/wp\/v2\/posts\/50567","targetHints":{"allow":["GET"]}}],"collection":[{"href":"https:\/\/www.europesays.com\/se\/wp-json\/wp\/v2\/posts"}],"about":[{"href":"https:\/\/www.europesays.com\/se\/wp-json\/wp\/v2\/types\/post"}],"author":[{"embeddable":true,"href":"https:\/\/www.europesays.com\/se\/wp-json\/wp\/v2\/users\/2"}],"replies":[{"embeddable":true,"href":"https:\/\/www.europesays.com\/se\/wp-json\/wp\/v2\/comments?post=50567"}],"version-history":[{"count":0,"href":"https:\/\/www.europesays.com\/se\/wp-json\/wp\/v2\/posts\/50567\/revisions"}],"wp:featuredmedia":[{"embeddable":true,"href":"https:\/\/www.europesays.com\/se\/wp-json\/wp\/v2\/media\/50568"}],"wp:attachment":[{"href":"https:\/\/www.europesays.com\/se\/wp-json\/wp\/v2\/media?parent=50567"}],"wp:term":[{"taxonomy":"category","embeddable":true,"href":"https:\/\/www.europesays.com\/se\/wp-json\/wp\/v2\/categories?post=50567"},{"taxonomy":"post_tag","embeddable":true,"href":"https:\/\/www.europesays.com\/se\/wp-json\/wp\/v2\/tags?post=50567"}],"curies":[{"name":"wp","href":"https:\/\/api.w.org\/{rel}","templated":true}]}}