{"id":50581,"date":"2025-10-08T15:25:33","date_gmt":"2025-10-08T15:25:33","guid":{"rendered":"https:\/\/www.europesays.com\/se\/50581\/"},"modified":"2025-10-08T15:25:33","modified_gmt":"2025-10-08T15:25:33","slug":"pelletsproduktion-laggs-ner-30-jobb-hotas-ostersunds-posten","status":"publish","type":"post","link":"https:\/\/www.europesays.com\/se\/50581\/","title":{"rendered":"Pelletsproduktion l\u00e4ggs ner \u2013 30 jobb hotas &#8211; \u00d6stersunds-Posten"},"content":{"rendered":"<ol>\n<li><a href=\"https:\/\/news.google.com\/rss\/articles\/CBMid0FVX3lxTE9uMVk4Sms2a1JRc2JPbHhRSWxmZVV4a3gyMmk2Q3duUWpTNkI5ZG5STTk3R1RhX1hzSVhYSk5taEszWndkLTk3cFhfeTNLaS15YkxuS2xuU1dwZk9vUVFtc001ekVJbEpPTjRMSjZkYkVTX2FENjN3?oc=5\" target=\"_blank\" rel=\"nofollow noopener\">Pelletsproduktion l\u00e4ggs ner \u2013 30 jobb hotas<\/a>&nbsp;&nbsp;\u00d6stersunds-Posten<\/li>\n<li><a href=\"https:\/\/news.google.com\/rss\/articles\/CBMisAFBVV95cUxQTFZCUERXTzdkQzZ3TzJTZkpCWjM2bXRXb1g1ZDR5ZG5iVnJVN0F3UGFIN3JTcUQxVHhwd2J4enFrVXVTYjYydFBWdnpQSUhyaWxjZ3Y1S3J2MVlqVEU1TkotZktBZklSUFpPbXVTdURQUGVJRlo1SlBySHJwSG9NMlBxWGtpNGhnTF95Q3EwbzVaeUpSQ093S3Qyc3Y0LXVXZjZ3VlNDV1FMODVCMTNkUw?oc=5\" target=\"_blank\" rel=\"nofollow noopener\">Efter besked att pelletsfabriken i Sveg l\u00e4ggs ner: K\u00e4nns j\u00e4ttetr\u00e5kigt<\/a>&nbsp;&nbsp;SVT Nyheter<\/li>\n<li><a href=\"https:\/\/news.google.com\/rss\/articles\/CBMihgFBVV95cUxPMDFwejFka1QxRU1KSXZ3cHhXZC1wX0V2M2FxeTBZb05acnRZMFBmVWgzdURHN1VqU1RDMXRLVHBGRGRqMklqMTY3MnpHWnFDTHlLcU9qRlI5dkxGckcxMWo5SGgzQ1NaVC1oQ21uUjlCLWlNTlRORFk5X3YzNzJEX3pTV2FHdw?oc=5\" target=\"_blank\" rel=\"nofollow noopener\">Beskedet: Pelletsproduktion i Sveg l\u00e4ggs ned<\/a>&nbsp;&nbsp;Sveriges Radio<\/li>\n<li><a href=\"https:\/\/news.google.com\/rss\/articles\/CBMihAFBVV95cUxOanE0RFh4dWFwSno1Z1RMU1dkVzlBSHR0dGU5a2JIaVRELS12VElSNFBnOFNVamtCNlJXeXNKVTRsTTB4NmEzMjVXSmtjZjVDZXEyZEJrMmNCcWRuTE4yWXFfUXkyR3E2bHBRZzU3aDJZQ2s0VlRhclBFSzZ0X1BvSE9NaVU?oc=5\" target=\"_blank\" rel=\"nofollow noopener\">Nyheter fr\u00e5n dagen: 7 oktober<\/a>&nbsp;&nbsp;SVT Nyheter<\/li>\n<li><a href=\"https:\/\/news.google.com\/rss\/articles\/CBMiiwFBVV95cUxNbEhscllWdHVBaHY0TkxiVm5wUmNIZURLRnZpWTRqZ2thVURMQUxVY0RVUndCdngwVUM4NkdVcXdpd1AxSkpiM0J3blNvNW5LbW83NHBIMUhXc3FZbnMzZzRpMHdOUEZ6MFN3cGN3em5WczQzWGtUN0RBbkJDcHB5WXBXMWdWbXYyaENZ?oc=5\" target=\"_blank\" rel=\"nofollow noopener\">H\u00e4rje\u00e5ns l\u00e4gger ner pelletsfabrik i Sveg<\/a>&nbsp;&nbsp;SVT Nyheter<\/li>\n<\/ol>\n","protected":false},"excerpt":{"rendered":"Pelletsproduktion l\u00e4ggs ner \u2013 30 jobb hotas&nbsp;&nbsp;\u00d6stersunds-Posten Efter besked att pelletsfabriken i Sveg l\u00e4ggs ner: K\u00e4nns j\u00e4ttetr\u00e5kigt&nbsp;&nbsp;SVT Nyheter&hellip;\n","protected":false},"author":2,"featured_media":50582,"comment_status":"","ping_status":"","sticky":false,"template":"","format":"standard","meta":{"footnotes":""},"categories":[65],"tags":[72,70,71,34,31,33,32,30],"class_list":{"0":"post-50581","1":"post","2":"type-post","3":"status-publish","4":"format-standard","5":"has-post-thumbnail","7":"category-ekonomi","8":"tag-business","9":"tag-economy","10":"tag-ekonomi","11":"tag-se","12":"tag-svenska","13":"tag-sverige","14":"tag-sweden","15":"tag-swedish"},"share_on_mastodon":{"url":"","error":""},"_links":{"self":[{"href":"https:\/\/www.europesays.com\/se\/wp-json\/wp\/v2\/posts\/50581","targetHints":{"allow":["GET"]}}],"collection":[{"href":"https:\/\/www.europesays.com\/se\/wp-json\/wp\/v2\/posts"}],"about":[{"href":"https:\/\/www.europesays.com\/se\/wp-json\/wp\/v2\/types\/post"}],"author":[{"embeddable":true,"href":"https:\/\/www.europesays.com\/se\/wp-json\/wp\/v2\/users\/2"}],"replies":[{"embeddable":true,"href":"https:\/\/www.europesays.com\/se\/wp-json\/wp\/v2\/comments?post=50581"}],"version-history":[{"count":0,"href":"https:\/\/www.europesays.com\/se\/wp-json\/wp\/v2\/posts\/50581\/revisions"}],"wp:featuredmedia":[{"embeddable":true,"href":"https:\/\/www.europesays.com\/se\/wp-json\/wp\/v2\/media\/50582"}],"wp:attachment":[{"href":"https:\/\/www.europesays.com\/se\/wp-json\/wp\/v2\/media?parent=50581"}],"wp:term":[{"taxonomy":"category","embeddable":true,"href":"https:\/\/www.europesays.com\/se\/wp-json\/wp\/v2\/categories?post=50581"},{"taxonomy":"post_tag","embeddable":true,"href":"https:\/\/www.europesays.com\/se\/wp-json\/wp\/v2\/tags?post=50581"}],"curies":[{"name":"wp","href":"https:\/\/api.w.org\/{rel}","templated":true}]}}