{"id":50585,"date":"2025-10-08T15:30:08","date_gmt":"2025-10-08T15:30:08","guid":{"rendered":"https:\/\/www.europesays.com\/se\/50585\/"},"modified":"2025-10-08T15:30:08","modified_gmt":"2025-10-08T15:30:08","slug":"infor-frolunda-trippla-bortfall-for-redhawks","status":"publish","type":"post","link":"https:\/\/www.europesays.com\/se\/50585\/","title":{"rendered":"Inf\u00f6r Fr\u00f6lunda: Trippla bortfall f\u00f6r Redhawks"},"content":{"rendered":"<p>Malm\u00f6 Arena, 2025-10-09 19:00<\/p>\n<p>Malm\u00f6 Redhawks har drabbats av tunga avbr\u00e4ck inf\u00f6r torsdagens m\u00f6te med Fr\u00f6lunda. H\u00e4r \u00e4r det senaste nytt i Malm\u00f6l\u00e4gret.\n<\/p>\n<p><strong>Inf\u00f6r Fr\u00f6lunda:\u00a0<\/strong><br \/>En tuff match p\u00e5 f\u00f6rhand har blivit \u00e4nnu sv\u00e5rare. Redhawks har drabbats av trippla skador inf\u00f6r morgondagens match mot Fr\u00f6lunda. <\/p>\n<p>Backen Patrik Nor\u00e9n, som gjorde comeback i helgens match mot Djurg\u00e5rden, \u00e4r \u00e5terigen p\u00e5 skadelistan. Enligt <a target=\"_blank\" href=\"https:\/\/www.expressen.se\/sport\/hockey\/shl\/patrik-noren-skadad-igen-far-besked-pa-rontgen-inom-kort\/\" rel=\"nofollow noopener\">Expressen<\/a> handlar det om en tidigare skada som sp\u00f6kar och det kan dr\u00f6ja ett par veckor innan han \u00e5terg\u00e5r till spel, troligtvis dr\u00f6jer det till novemberuppeh\u00e5llet.\u00a0<\/p>\n<p>Seth Barton klev av l\u00f6rdagens match och har drabbats av en \u00f6verkroppsskada, enligt klubbens egen <a target=\"_blank\" href=\"https:\/\/www.malmoredhawks.com\/article\/yqnat3s-33nad\/view\" rel=\"nofollow noopener\">skaderapport<\/a>. Statusen \u00e4r dag f\u00f6r dag och det \u00e4r inte ot\u00e4nkbart att han \u00e4r tillbaka redan den h\u00e4r veckan.\u00a0<\/p>\n<p>\u00c4ven kapten Fredrik H\u00e4ndemark har hamnat p\u00e5 skadelistan, efter att ha dragit p\u00e5 sig en underkroppsskada i samband med en tr\u00e4ning. Prognosen \u00e4r oklar och han v\u00e4ntas unders\u00f6kas n\u00e4rmare.\u00a0<\/p>\n<p>I och med skadorna p\u00e5 baksidan v\u00e4ljer Malm\u00f6 att kalla tillbaka Felix Carell fr\u00e5n sin utl\u00e5ning till Kalmar HC, d\u00e4r 19-\u00e5ringen har imponerat och svarat f\u00f6r tre po\u00e4ng (tv\u00e5 m\u00e5l och en assist) p\u00e5 sex matcher.\u00a0<\/p>\n<p><strong>Forts\u00e4ttningen:<\/strong><br \/>Redhawks beh\u00f6ver studsa tillbaka efter helgens bortaf\u00f6rlust och nu v\u00e4ntar tre hemmamatcher mot Fr\u00f6lunda, Timr\u00e5 och ett Sk\u00e5nederby mot R\u00f6gle. Tufft med tre bortfall i dessa matcher d\u00e4r man st\u00e4lls mot tre bra lag, d\u00e4r H\u00e4ndemark givetvis \u00e4r det stora tappet. Det vore viktigt f\u00f6r laget att det inte \u00e4r n\u00e5gon st\u00f6rre fara med honom, men det l\u00e4r klarna h\u00e4r fram\u00f6ver.\u00a0<\/p>\n","protected":false},"excerpt":{"rendered":"Malm\u00f6 Arena, 2025-10-09 19:00 Malm\u00f6 Redhawks har drabbats av tunga avbr\u00e4ck inf\u00f6r torsdagens m\u00f6te med Fr\u00f6lunda. H\u00e4r \u00e4r&hellip;\n","protected":false},"author":2,"featured_media":50586,"comment_status":"","ping_status":"","sticky":false,"template":"","format":"standard","meta":{"footnotes":""},"categories":[68],"tags":[159,158,157,138,156,165,164,140,34,160,162,111,110,31,161,33,32,30,163],"class_list":{"0":"post-50585","1":"post","2":"type-post","3":"status-publish","4":"format-standard","5":"has-post-thumbnail","7":"category-sport","8":"tag-allsvenskan","9":"tag-fans","10":"tag-fantv","11":"tag-fotboll","12":"tag-hockey","13":"tag-matcher","14":"tag-matchprogram","15":"tag-premier-league","16":"tag-se","17":"tag-serie-a","18":"tag-spelschema","19":"tag-sport","20":"tag-sports","21":"tag-svenska","22":"tag-svenskafans","23":"tag-sverige","24":"tag-sweden","25":"tag-swedish","26":"tag-tabeller"},"share_on_mastodon":{"url":"","error":""},"_links":{"self":[{"href":"https:\/\/www.europesays.com\/se\/wp-json\/wp\/v2\/posts\/50585","targetHints":{"allow":["GET"]}}],"collection":[{"href":"https:\/\/www.europesays.com\/se\/wp-json\/wp\/v2\/posts"}],"about":[{"href":"https:\/\/www.europesays.com\/se\/wp-json\/wp\/v2\/types\/post"}],"author":[{"embeddable":true,"href":"https:\/\/www.europesays.com\/se\/wp-json\/wp\/v2\/users\/2"}],"replies":[{"embeddable":true,"href":"https:\/\/www.europesays.com\/se\/wp-json\/wp\/v2\/comments?post=50585"}],"version-history":[{"count":0,"href":"https:\/\/www.europesays.com\/se\/wp-json\/wp\/v2\/posts\/50585\/revisions"}],"wp:featuredmedia":[{"embeddable":true,"href":"https:\/\/www.europesays.com\/se\/wp-json\/wp\/v2\/media\/50586"}],"wp:attachment":[{"href":"https:\/\/www.europesays.com\/se\/wp-json\/wp\/v2\/media?parent=50585"}],"wp:term":[{"taxonomy":"category","embeddable":true,"href":"https:\/\/www.europesays.com\/se\/wp-json\/wp\/v2\/categories?post=50585"},{"taxonomy":"post_tag","embeddable":true,"href":"https:\/\/www.europesays.com\/se\/wp-json\/wp\/v2\/tags?post=50585"}],"curies":[{"name":"wp","href":"https:\/\/api.w.org\/{rel}","templated":true}]}}