{"id":50601,"date":"2025-10-08T15:46:09","date_gmt":"2025-10-08T15:46:09","guid":{"rendered":"https:\/\/www.europesays.com\/se\/50601\/"},"modified":"2025-10-08T15:46:09","modified_gmt":"2025-10-08T15:46:09","slug":"spelarna-ar-valdigt-kanslopaverkade-expressen","status":"publish","type":"post","link":"https:\/\/www.europesays.com\/se\/50601\/","title":{"rendered":"\u201dSpelarna \u00e4r v\u00e4ldigt k\u00e4nslop\u00e5verkade\u201d &#8211; Expressen"},"content":{"rendered":"<ol>\n<li><a href=\"https:\/\/news.google.com\/rss\/articles\/CBMiogFBVV95cUxPRGJqY2VaZVVTZ3M1RGVtZEV6THQ0X3JoNnRDU3BlRXRUemhFNFJuYzZnR29XRV8xTzhrZlJqeGY2eVpTekxUZ2F1eURzU3Jfb3d4OVJ1MjBEWUF3akIwVWlkaG1TeGFqN3lNM2dTTUk1bXpBRUo4Mng3MnZEaW9LcS1qcE9tSWxMMjJscWhFZlhFTWt1NU1rVmxlcEEwRlFEVHc?oc=5\" target=\"_blank\" rel=\"nofollow noopener\">\u201dSpelarna \u00e4r v\u00e4ldigt k\u00e4nslop\u00e5verkade\u201d<\/a>&nbsp;&nbsp;Expressen<\/li>\n<li><a href=\"https:\/\/news.google.com\/rss\/articles\/CBMinAFBVV95cUxNUFpUMnlqSndXSzIyc2ZMbS1iYlQtc1YzTjFKY2hmN1YyckpsOWpzOVEtejdnM1duUWNXS3NYSTdRZjJzZnJvWVRwdmVtcUhsMlhWdTFkSTJ5b1dsSVg5emZPM0N2RU1HXy1qMURVaDFINmkxUG5TbjE2TlZFQ29SYWZhWWJRNUdxeDZjSkRGU1poZ3BhOWlSM1pLYzE?oc=5\" target=\"_blank\" rel=\"nofollow noopener\">Mardr\u00f6m f\u00f6r AIK \u2013 \u00f6verk\u00f6rt av V\u00e4rnamo<\/a>&nbsp;&nbsp;Aftonbladet<\/li>\n<li><a href=\"https:\/\/news.google.com\/rss\/articles\/CBMiqAFBVV95cUxNck0yZWZxSEdWeDdfTlVucjB2VHItTkJKSmRkNTBDWnlkQkFYV1c3UEtwaVJSVE1TOWlCOUR1Y3MwUlN1R1hnNWlkMGQxUEF1bXpCZTVRNlFXbjg0VnpER2d5blBYVjBIbld6bzh0Ql9tWjRBMkFtc0h6OXlsdUJ0bFo5a2hWOVltTVpRZllVaFgwLUlDUDdDVlptZmJlNWlIenZpeHYzZF8?oc=5\" target=\"_blank\" rel=\"nofollow noopener\">Fotboll: Experten tydlig efter chockf\u00f6rlusten: \u201dAIK ska byta tr\u00e4nare \u2013 s\u00e5g livl\u00f6sa ut\u201d<\/a>&nbsp;&nbsp;SVT Nyheter<\/li>\n<li><a href=\"https:\/\/news.google.com\/rss\/articles\/CBMikgFBVV95cUxQU29WQTZJMVpybzRZWm0wRUhSMVdJUHhSZUp2TVJDZS16cVkwYWtFUTRoVUZvWk9vSUhVTFBFRC1lQjFBRUY2ZVYycWV4X1NMMFFYTUR2eW80OGkzZkliajFKb1lJWWJHV2RHdm5aazk0VXgzRXZzM2p5cWVfc0locHlTWV9RY0FkTFB5VVNoTHBHdw?oc=5\" target=\"_blank\" rel=\"nofollow noopener\">Sandst\u00f8: &#8221;Vi har levt mycket p\u00e5 gamla historier&#8221;<\/a>&nbsp;&nbsp;Fotbollskanalen<\/li>\n<li><a href=\"https:\/\/news.google.com\/rss\/articles\/CBMipgFBVV95cUxOdi1PTm5PcklOX094TzlsNnduQU14RXV5NjQtT2gzNnZZLURyZGtzODlISUJ5NzJuOFZubEF0VU44SUpzbjhhejM5RmQtRGZOSzZPVXpNMjJuczlQejc1bWdBS2xDS1RJS0RuWVc0TDZMR1BybWNJMnNYRjBMdjMtQ2h2MEZNa0RwdnZaaXJ5SDZjcmlhck10ZEI4Nm5PR2hYY0VtV09R?oc=5\" target=\"_blank\" rel=\"nofollow noopener\">V\u00e4rnamo s\u00e4nkte AIK i m\u00e5stematchen: \u201dFolk f\u00f6rst\u00e5r inte vad som h\u00e4nder\u201d<\/a>&nbsp;&nbsp;Sveriges Radio<\/li>\n<\/ol>\n","protected":false},"excerpt":{"rendered":"\u201dSpelarna \u00e4r v\u00e4ldigt k\u00e4nslop\u00e5verkade\u201d&nbsp;&nbsp;Expressen Mardr\u00f6m f\u00f6r AIK \u2013 \u00f6verk\u00f6rt av V\u00e4rnamo&nbsp;&nbsp;Aftonbladet Fotboll: Experten tydlig efter chockf\u00f6rlusten: \u201dAIK ska&hellip;\n","protected":false},"author":2,"featured_media":50602,"comment_status":"","ping_status":"","sticky":false,"template":"","format":"standard","meta":{"footnotes":""},"categories":[68],"tags":[131,2210,103,34,130,129,111,110,31,33,32,30],"class_list":{"0":"post-50601","1":"post","2":"type-post","3":"status-publish","4":"format-standard","5":"has-post-thumbnail","7":"category-sport","8":"tag-organization-aik-fotboll","9":"tag-person-anton-saletros","10":"tag-premium","11":"tag-se","12":"tag-sections-allsvenskan","13":"tag-sections-fotboll","14":"tag-sport","15":"tag-sports","16":"tag-svenska","17":"tag-sverige","18":"tag-sweden","19":"tag-swedish"},"share_on_mastodon":{"url":"","error":""},"_links":{"self":[{"href":"https:\/\/www.europesays.com\/se\/wp-json\/wp\/v2\/posts\/50601","targetHints":{"allow":["GET"]}}],"collection":[{"href":"https:\/\/www.europesays.com\/se\/wp-json\/wp\/v2\/posts"}],"about":[{"href":"https:\/\/www.europesays.com\/se\/wp-json\/wp\/v2\/types\/post"}],"author":[{"embeddable":true,"href":"https:\/\/www.europesays.com\/se\/wp-json\/wp\/v2\/users\/2"}],"replies":[{"embeddable":true,"href":"https:\/\/www.europesays.com\/se\/wp-json\/wp\/v2\/comments?post=50601"}],"version-history":[{"count":0,"href":"https:\/\/www.europesays.com\/se\/wp-json\/wp\/v2\/posts\/50601\/revisions"}],"wp:featuredmedia":[{"embeddable":true,"href":"https:\/\/www.europesays.com\/se\/wp-json\/wp\/v2\/media\/50602"}],"wp:attachment":[{"href":"https:\/\/www.europesays.com\/se\/wp-json\/wp\/v2\/media?parent=50601"}],"wp:term":[{"taxonomy":"category","embeddable":true,"href":"https:\/\/www.europesays.com\/se\/wp-json\/wp\/v2\/categories?post=50601"},{"taxonomy":"post_tag","embeddable":true,"href":"https:\/\/www.europesays.com\/se\/wp-json\/wp\/v2\/tags?post=50601"}],"curies":[{"name":"wp","href":"https:\/\/api.w.org\/{rel}","templated":true}]}}