{"id":50618,"date":"2025-10-08T15:59:20","date_gmt":"2025-10-08T15:59:20","guid":{"rendered":"https:\/\/www.europesays.com\/se\/50618\/"},"modified":"2025-10-08T15:59:20","modified_gmt":"2025-10-08T15:59:20","slug":"regeringens-tillfalliga-reformer-ar-skadliga","status":"publish","type":"post","link":"https:\/\/www.europesays.com\/se\/50618\/","title":{"rendered":"Regeringens tillf\u00e4lliga reformer \u00e4r skadliga"},"content":{"rendered":"<p>Publicerad 8 okt 2025 kl 06.00<\/p>\n<p>N\u00e4r politiken styrs av kalendern blir resultatet ryckigt, dyrt och ogenomt\u00e4nkt.<\/p>\n<p><img   alt=\"\"\/><\/p>\n<p>Regeringen har blivit f\u00f6rtjust i reformer som bara g\u00e4ller en begr\u00e4nsad tid.<\/p>\n<p>Foto: FREDRIK SANDBERG \/ TT \/ TT NYHETSBYR\u00c5N<\/p>\n<p>\u00d6ppna bild i helsk\u00e4rm<img loading=\"lazy\"   alt=\"\"\/> <\/p>\n<p>Foto: FREDRIK SANDBERG \/ TT NYHETSBYR\u00c5N<\/p>\n<p>\u00d6ppna bild i helsk\u00e4rm<\/p>\n<p>Det \u00e4r klackarna i taket i byggbranschen \u2013 \u00e5tminstone den del som \u00e4gnar sig \u00e5t att renovera och bygga ut hem och fritidsk\u00e5kar. F\u00f6rklaringen \u00e4r enkel: den 12 maj h\u00f6jdes subventionsgraden f\u00f6r rotavdraget fr\u00e5n 30 till 50 procent.<\/p>\n<p>Denna f\u00f6rst\u00e4rkning har massor med goda f\u00f6ljder, h\u00e4vdar regeringen. Det centrala argumentet \u00e4r att man vill st\u00f6dja byggbranschen under en seg l\u00e5gkonjunktur. Men kan \u00e4ven minska svartarbetet och \u00f6ka arbetsutbudet, allts\u00e5 f\u00e5 kirurger att bliva vid sin skalpell i st\u00e4llet f\u00f6r att vara hemma och installera nya fl\u00e4ktar eller v\u00e4ggfasta toaletter.\u00a0<\/p>\n<p><strong>F\u00f6r den som f\u00e5r tag i en hantverkare f\u00f6re ny\u00e5rsafton vill s\u00e4ga. H\u00f6jningen \u00e4r n\u00e4mligen bara tillf\u00e4llig. Den 1 januari s\u00e4nks subventionen igen. D\u00e5 \u00e4r boomen \u00f6ver f\u00f6r den h\u00e4r g\u00e5ngen.<\/strong><\/p>\n<p>Rot har kommit och g\u00e5tt och modifierats i decennier eftersom det har anv\u00e4nts som <a href=\"https:\/\/www.ifau.se\/Om-IFAU\/Remissvar\/tillfalligt-hojt-tak-for-rotavdraget\/\" rel=\"nofollow noopener\" target=\"_blank\">konjunkturstabilisator<\/a>. Men Tid\u00f6 anv\u00e4nder modellen med tillf\u00e4lliga reformer p\u00e5 fler omr\u00e5den.\u00a0<\/p>\n<blockquote><p>Exakt ingen svensk kommer att uppskatta det, vare sig hen tillh\u00f6r hummer- eller fiskbullesegmentet.<\/p><\/blockquote>\n<p>Centerpartiets \u00e4lsklingsreform \u201ds\u00e4nkt arbetsgivaravgift f\u00f6r unga\u201d ska \u00e5terupplivas. Fast bara fr\u00e5n 1 april 2026 och 17 m\u00e5nader fram\u00e5t. \u00a0<\/p>\n<p>Ungdomsarbetsl\u00f6sheten \u00e4r f\u00f6rvisso h\u00f6g, men s\u00e4nkt arbetsgivaravgift \u00e4r ett dyrt s\u00e4tt att skapa relativt f\u00e5 jobb. Dessutom brukar ungas arbetsl\u00f6shet vara kortvarigare \u00e4n \u00e4ldres. Och de anst\u00e4llningar som subventionerades under allianstiden hade sannolikt blivit av \u00e4nd\u00e5, <a href=\"https:\/\/www.ifau.se\/Press\/Forskningssammanfattningar\/om-sankta-arbetsgivaravgifter-for-ungdomar\/\" rel=\"nofollow noopener\" target=\"_blank\">menar<\/a> Institutet f\u00f6r arbetsmarknadspolitisk utveckling. \u00a0<\/p>\n<p><strong>Och varf\u00f6r g\u00e4ller s\u00e4nkningen just till sista september 2027? Varf\u00f6r \u00e4r allt annorlunda i oktober? Har man slumpm\u00e4ssigt dragit datumet ur en hatt?\u00a0<\/strong><\/p>\n<p>Men den tillf\u00e4lliga reform som vinner dumstrutspriset \u00e4r halveringen av matmomsen, som ska g\u00e4lla mellan 1 april n\u00e4sta \u00e5r och ny\u00e5rsafton 2027.\u00a0<\/p>\n<p>Maten har blivit dyrare de senaste \u00e5ren men l\u00e5ginkomsthush\u00e5lls k\u00f6pkraft skulle kunna st\u00e4rkas med h\u00f6jda bidrag \u2013 f\u00f6r halva kostnaden. Och s\u00e4nkningen skapar en massa gr\u00e4nsdragningsproblem. H\u00e4mtmat f\u00e5r till exempel l\u00e4gre moms \u00e4n att \u00e4ta p\u00e5 restaurangen.\u00a0<\/p>\n<p>Det ter sig ocks\u00e5 som ett stort v\u00e5gspel att f\u00f6rdubbla matmomsen igen, vare sig det sker ny\u00e5rsdagen 2028 eller n\u00e5got annat datum. Exakt ingen svensk kommer att uppskatta det, vare sig hen tillh\u00f6r hummer- eller fiskbullesegmentet.<\/p>\n<p><strong>Konstruktionen framst\u00e5r som f\u00f6ljden av en intern Tid\u00f6-kompromiss: <\/strong><a href=\"https:\/\/www.svt.se\/nyheter\/inrikes\/akesson-sd-goda-forhoppningar-om-sankt-matmoms-i-budgeten\" rel=\"nofollow noopener\" target=\"_blank\"><strong>SD fick<\/strong><\/a><strong> lite billigare mat men tvingas i geng\u00e4ld g\u00e5 med p\u00e5 en solnedg\u00e5ngsklausul.<\/strong><\/p>\n<p>Koalitionsregeringar leder oundvikligen till kompromisser och kanske har pandemin, med sina kortlivade speciallagar, bidragit till utvecklingen. Men trenden att inf\u00f6ra d\u00e5liga reformer mellan slumpm\u00e4ssiga datum \u00e4r hursomhelst riktigt usel. I st\u00e4llet f\u00f6r l\u00e5ngsiktighet f\u00e5r vi ryckighet och i st\u00e4llet f\u00f6r v\u00e4lbeh\u00f6vliga, rej\u00e4la reformer \u2013 som en skattereform \u2013 f\u00e5r vi ett duttande som f\u00f6rv\u00e4rrar r\u00f6ran.\u00a0<\/p>\n<p><strong>S\u00e4tt ett slutdatum f\u00f6r denna trend, f\u00f6rslagsvis den 8 oktober 2025.<\/strong><\/p>\n<p><strong>L\u00c4S MER: <\/strong><a href=\"https:\/\/www.expressen.se\/ledare\/ledare-bara-byrakrater-alskar--jimmies-korv-reform\/\" class=\"\" rel=\"nofollow noopener\" target=\"_blank\">LEDARE: Bara byr\u00e5krater \u00e4lskar  Jimmies korv-reform<\/a><strong>L\u00c4S MER: <\/strong><a href=\"https:\/\/www.expressen.se\/ledare\/ledare-svantessons-budget-badar-i-baconflott-\/\" class=\"\" rel=\"nofollow noopener\" target=\"_blank\">LEDARE: Svantessons budget badar i baconflott<\/a><a href=\"https:\/\/www.expressen.se\/nyhetsbrev\/\" title=\"Anm\u00e4l dig till ledarbrevet\" rel=\"nofollow noopener\" target=\"_blank\"><br \/>\n  <img decoding=\"async\" style=\"max-width:100%;display:block;\" src=\"https:\/\/www.europesays.com\/se\/wp-content\/uploads\/2025\/08\/640@60.jpg\"\/><br \/>\n<\/a><\/p>\n","protected":false},"excerpt":{"rendered":"Publicerad 8 okt 2025 kl 06.00 N\u00e4r politiken styrs av kalendern blir resultatet ryckigt, dyrt och ogenomt\u00e4nkt. Regeringen&hellip;\n","protected":false},"author":2,"featured_media":50619,"comment_status":"","ping_status":"","sticky":false,"template":"","format":"standard","meta":{"footnotes":""},"categories":[12],"tags":[22,23,26,27,17,21,24,25,28,29,15,16,43,944,18,34,31,33,32,30,19,1359,214,5005,145,20],"class_list":{"0":"post-50618","1":"post","2":"type-post","3":"status-publish","4":"format-standard","5":"has-post-thumbnail","7":"category-sverige","8":"tag-breaking-news","9":"tag-breakingnews","10":"tag-featured-news","11":"tag-featurednews","12":"tag-headlines","13":"tag-huvudnyheter","14":"tag-latest-news","15":"tag-latestnews","16":"tag-main-news","17":"tag-mainnews","18":"tag-news","19":"tag-nyheter","20":"tag-organization-regeringen","21":"tag-person-jimmie-akesson","22":"tag-rubriker","23":"tag-se","24":"tag-svenska","25":"tag-sverige","26":"tag-sweden","27":"tag-swedish","28":"tag-top-stories","29":"tag-topic-arbetsmarknad","30":"tag-topic-inflation","31":"tag-topic-lagkonjunktur","32":"tag-topic-mat-dryck","33":"tag-topstories"},"share_on_mastodon":{"url":"","error":""},"_links":{"self":[{"href":"https:\/\/www.europesays.com\/se\/wp-json\/wp\/v2\/posts\/50618","targetHints":{"allow":["GET"]}}],"collection":[{"href":"https:\/\/www.europesays.com\/se\/wp-json\/wp\/v2\/posts"}],"about":[{"href":"https:\/\/www.europesays.com\/se\/wp-json\/wp\/v2\/types\/post"}],"author":[{"embeddable":true,"href":"https:\/\/www.europesays.com\/se\/wp-json\/wp\/v2\/users\/2"}],"replies":[{"embeddable":true,"href":"https:\/\/www.europesays.com\/se\/wp-json\/wp\/v2\/comments?post=50618"}],"version-history":[{"count":0,"href":"https:\/\/www.europesays.com\/se\/wp-json\/wp\/v2\/posts\/50618\/revisions"}],"wp:featuredmedia":[{"embeddable":true,"href":"https:\/\/www.europesays.com\/se\/wp-json\/wp\/v2\/media\/50619"}],"wp:attachment":[{"href":"https:\/\/www.europesays.com\/se\/wp-json\/wp\/v2\/media?parent=50618"}],"wp:term":[{"taxonomy":"category","embeddable":true,"href":"https:\/\/www.europesays.com\/se\/wp-json\/wp\/v2\/categories?post=50618"},{"taxonomy":"post_tag","embeddable":true,"href":"https:\/\/www.europesays.com\/se\/wp-json\/wp\/v2\/tags?post=50618"}],"curies":[{"name":"wp","href":"https:\/\/api.w.org\/{rel}","templated":true}]}}