{"id":50643,"date":"2025-10-08T16:27:08","date_gmt":"2025-10-08T16:27:08","guid":{"rendered":"https:\/\/www.europesays.com\/se\/50643\/"},"modified":"2025-10-08T16:27:08","modified_gmt":"2025-10-08T16:27:08","slug":"skrev-treveckorskontrakt-ar-nu-klar-till-2028","status":"publish","type":"post","link":"https:\/\/www.europesays.com\/se\/50643\/","title":{"rendered":"Skrev treveckorskontrakt &#8211; \u00e4r nu klar till 2028"},"content":{"rendered":"<p><strong>Fr\u00e5n tre veckor \u2013 till tre \u00e5r. Tindra Holm skriver p\u00e5 f\u00f6r MoDo hela v\u00e4gen till 2028.<br \/>\u2013 Min f\u00f6rsta tanke var v\u00e4l \u201dVa? Tre \u00e5r? \u00c4r det sant?\u201d, s\u00e4ger hon till <a href=\"https:\/\/www.modohockey.se\/article\/ensat3t-4ij6i1\/view\" rel=\"nofollow noopener\" target=\"_blank\">MoDos hemsida.<\/a><\/strong><\/p>\n<p><img loading=\"lazy\" decoding=\"async\" width=\"1024\" height=\"658\" src=\"https:\/\/www.europesays.com\/se\/wp-content\/uploads\/2025\/10\/Tindra-Holm-1024x658.webp.webp\" alt=\"\" class=\"wp-image-311270\"  \/>Tindra Holm. <br \/><strong>Foto:<\/strong> Bildbyr\u00e5n.<\/p>\n<p>Hon plockades in som en korttidsl\u00f6sning f\u00f6r att ers\u00e4tta skadade Lucy Morgan. Nu st\u00e5r det klart att MoDo satsar p\u00e5 Tindra Holm hela v\u00e4gen till 2028. Det bekr\u00e4ftar klubben p\u00e5 sin sajt.<\/p>\n<p>Detta efter att Holm st\u00e5tt fem matcher i <a href=\"https:\/\/hockeysverige.se\/sdhl\/\" rel=\"nofollow noopener\" target=\"_blank\">SDHL<\/a>, vunnit tre av dem, och levererat en r\u00e4ddningsprocent p\u00e5 91.<\/p>\n<p>\u2013 \u00a0Jag k\u00e4nner mig\u00a0stolt och hedrad \u00f6ver att MoDo vill bygga p\u00e5 mig fram\u00f6ver, trots att jag kommit in med s\u00e5 kort varsel. Det k\u00e4nns som ett kvitto p\u00e5 att de \u00e4r n\u00f6jda med mig och jag \u00e4r tacksam \u00f6ver att jag f\u00e5r vara kvar i den h\u00e4r f\u00f6reningen, s\u00e4ger 24-\u00e5ringen.<\/p>\n<p>Tindra Holm stannar i MoDo<\/p>\n<p>Holm ansl\u00f6t fr\u00e5n college, d\u00e4r hon varit de fyra senaste \u00e5ren. Dessf\u00f6rinnan spelade hon f\u00f6r MoDo och Lule\u00e5. Holm har ocks\u00e5 funnits med i tv\u00e5 VM-trupper, men utan att f\u00e5 speltid.<\/p>\n<p>\u2013  Vi \u00e4r mycket glada \u00f6ver att ha hittat en l\u00f6sning med Tindra \u00f6ver en l\u00e4ngre period. Hon \u00e4r en bra m\u00e4nniska, en grym idrottare och har ett driv som passar perfekt in i den milj\u00f6 vi vill ha h\u00e4r i MoDo Hockey. Att hon \u00e4ven har en bakgrund h\u00e4r g\u00f6r det \u00e4nnu b\u00e4ttre, d\u00e5 det f\u00f6ljer v\u00e5r strategi med att ha lokala spelare och spelare som har g\u00e5tt v\u00e5r hockeygymverksamhet, s\u00e4ger sportchefen Bj\u00f6rn Edlund.<\/p>\n","protected":false},"excerpt":{"rendered":"Fr\u00e5n tre veckor \u2013 till tre \u00e5r. Tindra Holm skriver p\u00e5 f\u00f6r MoDo hela v\u00e4gen till 2028.\u2013 Min&hellip;\n","protected":false},"author":2,"featured_media":50644,"comment_status":"","ping_status":"","sticky":false,"template":"","format":"standard","meta":{"footnotes":""},"categories":[68],"tags":[34,133,111,110,31,33,32,30],"class_list":{"0":"post-50643","1":"post","2":"type-post","3":"status-publish","4":"format-standard","5":"has-post-thumbnail","7":"category-sport","8":"tag-se","9":"tag-second-news","10":"tag-sport","11":"tag-sports","12":"tag-svenska","13":"tag-sverige","14":"tag-sweden","15":"tag-swedish"},"share_on_mastodon":{"url":"","error":""},"_links":{"self":[{"href":"https:\/\/www.europesays.com\/se\/wp-json\/wp\/v2\/posts\/50643","targetHints":{"allow":["GET"]}}],"collection":[{"href":"https:\/\/www.europesays.com\/se\/wp-json\/wp\/v2\/posts"}],"about":[{"href":"https:\/\/www.europesays.com\/se\/wp-json\/wp\/v2\/types\/post"}],"author":[{"embeddable":true,"href":"https:\/\/www.europesays.com\/se\/wp-json\/wp\/v2\/users\/2"}],"replies":[{"embeddable":true,"href":"https:\/\/www.europesays.com\/se\/wp-json\/wp\/v2\/comments?post=50643"}],"version-history":[{"count":0,"href":"https:\/\/www.europesays.com\/se\/wp-json\/wp\/v2\/posts\/50643\/revisions"}],"wp:featuredmedia":[{"embeddable":true,"href":"https:\/\/www.europesays.com\/se\/wp-json\/wp\/v2\/media\/50644"}],"wp:attachment":[{"href":"https:\/\/www.europesays.com\/se\/wp-json\/wp\/v2\/media?parent=50643"}],"wp:term":[{"taxonomy":"category","embeddable":true,"href":"https:\/\/www.europesays.com\/se\/wp-json\/wp\/v2\/categories?post=50643"},{"taxonomy":"post_tag","embeddable":true,"href":"https:\/\/www.europesays.com\/se\/wp-json\/wp\/v2\/tags?post=50643"}],"curies":[{"name":"wp","href":"https:\/\/api.w.org\/{rel}","templated":true}]}}