{"id":50649,"date":"2025-10-08T16:33:23","date_gmt":"2025-10-08T16:33:23","guid":{"rendered":"https:\/\/www.europesays.com\/se\/50649\/"},"modified":"2025-10-08T16:33:23","modified_gmt":"2025-10-08T16:33:23","slug":"sa-ska-europa-stoppa-ryska-intrangen-med-dronarmur","status":"publish","type":"post","link":"https:\/\/www.europesays.com\/se\/50649\/","title":{"rendered":"S\u00e5 ska Europa stoppa ryska intr\u00e5ngen med \u201ddr\u00f6narmur\u201d"},"content":{"rendered":"<p>PremiumEU kommer att satsa tv\u00e5 miljarder p\u00e5 att bygga en \u201ddr\u00f6narmur\u201d.<\/p>\n<p>M\u00e5let \u00e4r att stoppa ryska dr\u00f6nare fr\u00e5n Europeiskt luftrum.\u00a0<\/p>\n<p>\u2013\u00a0Vi m\u00e5ste agera nu \u2013 Europa m\u00e5ste ge ett starkt och enat svar p\u00e5 Rysslands dr\u00f6narintr\u00e5ng, sa Ursula von der Leyen, i sitt \u00e5rliga tal \u2013 samma dag som 19 ryska dr\u00f6nare fl\u00f6g in \u00f6ver Polen.<\/p>\n<p> \u201dGapande h\u00e5l\u201d i Natos luftf\u00f6rsvar.<\/p>\n<p> Kostnadsdilemmat.\u00a0<\/p>\n<p> Rollen f\u00f6r Sverige.<\/p>\n<p> Stora fr\u00e5getecknet.<\/p>\n<p>Det h\u00e4r \u00e4r vad vi vet om projektet.\u00a0<\/p>\n<p><img   alt=\"\"\/><\/p>\n<p>En rysk attack-dr\u00f6nare av typen FPV \u201dMolniya-2\u201d<\/p>\n<p>Foto: AP \/ AP TT NYHETSBYR\u00c5N<\/p>\n<p>\u00d6ppna bild i helsk\u00e4rm<img loading=\"lazy\"   alt=\"\"\/><\/p>\n<p>En ukrainsk soldat b\u00e4r en dr\u00f6nare n\u00e4ra frontlinjen vid Avdijivka i Donetsk.<\/p>\n<p>Foto: LIBKOS \/ AP TT NYHETSBYR\u00c5N<\/p>\n<p>\u00d6ppna bild i helsk\u00e4rm<\/p>\n","protected":false},"excerpt":{"rendered":"PremiumEU kommer att satsa tv\u00e5 miljarder p\u00e5 att bygga en \u201ddr\u00f6narmur\u201d. M\u00e5let \u00e4r att stoppa ryska dr\u00f6nare fr\u00e5n&hellip;\n","protected":false},"author":2,"featured_media":50650,"comment_status":"","ping_status":"","sticky":false,"template":"","format":"standard","meta":{"footnotes":""},"categories":[5],"tags":[50,22,23,26,27,17,21,24,25,286,202,28,29,15,276,16,746,1401,410,4218,103,18,34,55,31,33,32,30,19,60,49,20],"class_list":{"0":"post-50649","1":"post","2":"type-post","3":"status-publish","4":"format-standard","5":"has-post-thumbnail","7":"category-rubriker","8":"tag-arme-forsvar","9":"tag-breaking-news","10":"tag-breakingnews","11":"tag-featured-news","12":"tag-featurednews","13":"tag-headlines","14":"tag-huvudnyheter","15":"tag-latest-news","16":"tag-latestnews","17":"tag-location-europa","18":"tag-location-ukraina","19":"tag-main-news","20":"tag-mainnews","21":"tag-news","22":"tag-newsstory-kriget-i-ukraina","23":"tag-nyheter","24":"tag-organization-eu","25":"tag-organization-nato","26":"tag-organization-saab","27":"tag-person-mark-rutte","28":"tag-premium","29":"tag-rubriker","30":"tag-se","31":"tag-sections-varlden","32":"tag-svenska","33":"tag-sverige","34":"tag-sweden","35":"tag-swedish","36":"tag-top-stories","37":"tag-topic-krig-konflikt","38":"tag-topic-militar","39":"tag-topstories"},"share_on_mastodon":{"url":"","error":""},"_links":{"self":[{"href":"https:\/\/www.europesays.com\/se\/wp-json\/wp\/v2\/posts\/50649","targetHints":{"allow":["GET"]}}],"collection":[{"href":"https:\/\/www.europesays.com\/se\/wp-json\/wp\/v2\/posts"}],"about":[{"href":"https:\/\/www.europesays.com\/se\/wp-json\/wp\/v2\/types\/post"}],"author":[{"embeddable":true,"href":"https:\/\/www.europesays.com\/se\/wp-json\/wp\/v2\/users\/2"}],"replies":[{"embeddable":true,"href":"https:\/\/www.europesays.com\/se\/wp-json\/wp\/v2\/comments?post=50649"}],"version-history":[{"count":0,"href":"https:\/\/www.europesays.com\/se\/wp-json\/wp\/v2\/posts\/50649\/revisions"}],"wp:featuredmedia":[{"embeddable":true,"href":"https:\/\/www.europesays.com\/se\/wp-json\/wp\/v2\/media\/50650"}],"wp:attachment":[{"href":"https:\/\/www.europesays.com\/se\/wp-json\/wp\/v2\/media?parent=50649"}],"wp:term":[{"taxonomy":"category","embeddable":true,"href":"https:\/\/www.europesays.com\/se\/wp-json\/wp\/v2\/categories?post=50649"},{"taxonomy":"post_tag","embeddable":true,"href":"https:\/\/www.europesays.com\/se\/wp-json\/wp\/v2\/tags?post=50649"}],"curies":[{"name":"wp","href":"https:\/\/api.w.org\/{rel}","templated":true}]}}