{"id":50666,"date":"2025-10-08T17:04:15","date_gmt":"2025-10-08T17:04:15","guid":{"rendered":"https:\/\/www.europesays.com\/se\/50666\/"},"modified":"2025-10-08T17:04:15","modified_gmt":"2025-10-08T17:04:15","slug":"kommunens-nya-badhus-har-kostat-14-miljarder-annu-inte-klart","status":"publish","type":"post","link":"https:\/\/www.europesays.com\/se\/50666\/","title":{"rendered":"Kommunens nya badhus har kostat 1,4 miljarder \u2013 \u00e4nnu inte klart"},"content":{"rendered":"<p class=\"has-drop-cap\">N\u00e4r Kiruna 2018 beslutade att bygga ett nytt badhus var ambitionen h\u00f6g. Budgeten sattes till 360 miljoner kronor. Det \u00e4r mycket pengar f\u00f6r en kommun med 22 000 inv\u00e5nare, men politikerna r\u00e4knade med att turismstr\u00f6mmar skulle g\u00f6ra projektet l\u00f6nsamt \u2013 och s\u00e4tta t\u00e4torten p\u00e5 kartan.<\/p>\n<p>Sju \u00e5r senare \u00e4r byggnaden fortfarande inte slutbesiktigad och godk\u00e4nd. Notan har passerat 1,37 miljarder kronor \u2013 \u00f6ver 60 000 kronor per Kirunabo hittills. <\/p>\n<p>Ytterligare en kallsup fick de i somras d\u00e5 kommunen meddelade vilka priser som ska g\u00e4lla n\u00e4r badet v\u00e4l \u00f6ppnar: 140 kronor f\u00f6r vuxna, 90 f\u00f6r ungdomar och 60 f\u00f6r barn.<\/p>\n<p>\u2013 F\u00e5r jag sv\u00e4ra? Bullshit! Det \u00e4r dyrt, idiotiskt och f\u00f6r stort f\u00f6r v\u00e5r stad, sa ton\u00e5ringen Love Fredriksson <a href=\"https:\/\/www.svt.se\/nyheter\/lokalt\/norrbotten\/hor-kirunabor-om-entreavgiften-till-miljardbadhuset-dyrt\" rel=\"nofollow noopener\" target=\"_blank\">till SVT<\/a>.<\/p>\n<p>Men en annan Kirunabo, Anneli Granmyr, var av en annan uppfattning.<\/p>\n<p>\u2013 Sp\u00e4nnande, det ska bli j\u00e4ttebra n\u00e4r det blir f\u00e4rdigt, sa hon i samma inslag och tillade att priserna var rimliga:<\/p>\n<p>\u2013 Inte s\u00e5 farligt. Det kostar ju mycket att \u00e4ta ute ocks\u00e5.<\/p>\n<p>Vad SVT d\u00e4remot inte ber\u00e4ttade var att Granmyr \u00e4r enhetschef p\u00e5 Kiruna kommun. Och hennes arbetsgivare har mycket att svara f\u00f6r. Historien om badhuset \u00e4r n\u00e4mligen ett monument \u00f6ver kommunal misshush\u00e5llning. <\/p>\n<p>\nRevisorerna: Var fj\u00e4rde tidsst\u00e4mpling ogiltig\n<\/p>\n<p>Revisionsbyr\u00e5n <a href=\"https:\/\/timbro.se\/smedjan\/kallsupen-det-nya-badhuset-i-kiruna\/\" rel=\"nofollow noopener\" target=\"_blank\">KPMG kom nyligen<\/a> ut med sin slutrapport om badhusbygget d\u00e4r man kan f\u00f6lja projektet. Och miljonrullningen. Kiruna kommun var (och \u00e4r) byggherre och n\u00e4r upphandlingen var klar anlitades byggj\u00e4tten Peab som huvudentrepren\u00f6r f\u00f6r mark och bygg. Caverion fick ansvar f\u00f6r bland annat el-, vvs- och vattenreningsinstallationer. <\/p>\n<p><img loading=\"lazy\" decoding=\"async\" width=\"1080\" height=\"720\" src=\"https:\/\/www.europesays.com\/se\/wp-content\/uploads\/2025\/10\/sdlLgD7uBQs-bs-nh-1080x720.jpg\" alt=\"\" class=\"wp-image-233084\"  \/>Midnattssolsbadet, simhallen i Kirunas nya centrum. Foto: Fredrik Sandberg \/ TT<\/p>\n<p>Revisorerna har g\u00e5tt igenom Peabs fakturor, dagb\u00f6cker och den elektroniska personalliggare, kallad ID06, d\u00e4r alla som arbetar p\u00e5 bygget ska registrera in- och utpassering p\u00e5 arbetsplatsen. Resultatet \u00e4r bedr\u00f6vligt: Av drygt 3 100 tidsst\u00e4mplar var 786 \u2013 var fj\u00e4rde \u2013 ogiltig. Detta trots att Peab redan tidigare hade blivit uppm\u00e4rksammade om problemet och d\u00e4rf\u00f6r hade installerat snurrgrindar.<\/p>\n<p>De bristande rutinerna inneb\u00e4r att det inte gick att fastst\u00e4lla vem som faktiskt varit p\u00e5 plats eller hur l\u00e4nge de har arbetat. En underentrepren\u00f6r hade fakturerat 4 772 timmar, men bara 2 334 timmar gick att styrka via ID06. En annan hade \u00f6ver 60 procents ogiltig fakturering. KPMG noterar \u00e4ven \u00f6vertr\u00e4delser av arbetstidslagen \u2013 minst tio personer hade arbetat mer \u00e4n 208 timmar p\u00e5 fyra veckor, l\u00e5ngt \u00f6ver heltidsnormen.<\/p>\n<p>\nKommunen k\u00e4nde till felen sedan tidigare\n<\/p>\n<p>Fokus kan nu ber\u00e4tta att kommunen gjorde en egen intern granskning redan 2022. Den visade omfattande avvikelser mellan fakturerade och registrerade timmar. Avvikelserna var s\u00e5 \u00e5terkommande att kommunen konstaterade att systematiken kunde \u201dindikera medvetna fel\u201d. <\/p>\n<p>Fokus har \u00e4ven funnit en skrivelse till b\u00e5de Arbetsmilj\u00f6verket och Skatteverket redan i februari 2023 d\u00e4r det framgick att endast 23 procent av de timmar som Peabs underentrepren\u00f6rer hade fakturerat \u00e5terfanns i ID06 \u2013 hos vissa av entrepren\u00f6rerna var det s\u00e5 lite som 2 till 15 procent.<\/p>\n<p>N\u00e4r kommunen konfronterade Peab med siffrorna tonade bolaget ner problemen. I m\u00f6ten och mejl h\u00e4vdade f\u00f6retaget att \u201dID06 inte \u00e4r en st\u00e4mpelklocka\u201d och att ansvaret l\u00e5g hos underentrepren\u00f6rerna. Peab h\u00e4nvisade till att Skatteverket hade gjort platsbes\u00f6k utan anm\u00e4rkning. Men Skatteverket och Arbetsmilj\u00f6verket tittar bara p\u00e5 hur det ser ut just vid tidpunkten f\u00f6r bes\u00f6ket.<\/p>\n","protected":false},"excerpt":{"rendered":"N\u00e4r Kiruna 2018 beslutade att bygga ett nytt badhus var ambitionen h\u00f6g. Budgeten sattes till 360 miljoner kronor.&hellip;\n","protected":false},"author":2,"featured_media":50667,"comment_status":"","ping_status":"","sticky":false,"template":"","format":"standard","meta":{"footnotes":""},"categories":[12],"tags":[5012,22,23,71,26,27,17,21,1782,24,25,28,29,15,16,3012,18,34,31,33,32,30,19,20],"class_list":{"0":"post-50666","1":"post","2":"type-post","3":"status-publish","4":"format-standard","5":"has-post-thumbnail","7":"category-sverige","8":"tag-badhus","9":"tag-breaking-news","10":"tag-breakingnews","11":"tag-ekonomi","12":"tag-featured-news","13":"tag-featurednews","14":"tag-headlines","15":"tag-huvudnyheter","16":"tag-kiruna","17":"tag-latest-news","18":"tag-latestnews","19":"tag-main-news","20":"tag-mainnews","21":"tag-news","22":"tag-nyheter","23":"tag-peab","24":"tag-rubriker","25":"tag-se","26":"tag-svenska","27":"tag-sverige","28":"tag-sweden","29":"tag-swedish","30":"tag-top-stories","31":"tag-topstories"},"share_on_mastodon":{"url":"","error":""},"_links":{"self":[{"href":"https:\/\/www.europesays.com\/se\/wp-json\/wp\/v2\/posts\/50666","targetHints":{"allow":["GET"]}}],"collection":[{"href":"https:\/\/www.europesays.com\/se\/wp-json\/wp\/v2\/posts"}],"about":[{"href":"https:\/\/www.europesays.com\/se\/wp-json\/wp\/v2\/types\/post"}],"author":[{"embeddable":true,"href":"https:\/\/www.europesays.com\/se\/wp-json\/wp\/v2\/users\/2"}],"replies":[{"embeddable":true,"href":"https:\/\/www.europesays.com\/se\/wp-json\/wp\/v2\/comments?post=50666"}],"version-history":[{"count":0,"href":"https:\/\/www.europesays.com\/se\/wp-json\/wp\/v2\/posts\/50666\/revisions"}],"wp:featuredmedia":[{"embeddable":true,"href":"https:\/\/www.europesays.com\/se\/wp-json\/wp\/v2\/media\/50667"}],"wp:attachment":[{"href":"https:\/\/www.europesays.com\/se\/wp-json\/wp\/v2\/media?parent=50666"}],"wp:term":[{"taxonomy":"category","embeddable":true,"href":"https:\/\/www.europesays.com\/se\/wp-json\/wp\/v2\/categories?post=50666"},{"taxonomy":"post_tag","embeddable":true,"href":"https:\/\/www.europesays.com\/se\/wp-json\/wp\/v2\/tags?post=50666"}],"curies":[{"name":"wp","href":"https:\/\/api.w.org\/{rel}","templated":true}]}}