{"id":50678,"date":"2025-10-08T17:14:08","date_gmt":"2025-10-08T17:14:08","guid":{"rendered":"https:\/\/www.europesays.com\/se\/50678\/"},"modified":"2025-10-08T17:14:08","modified_gmt":"2025-10-08T17:14:08","slug":"nu-kan-alla-nyfodda-i-skane-fa-behandling-mot-rs-virus","status":"publish","type":"post","link":"https:\/\/www.europesays.com\/se\/50678\/","title":{"rendered":"Nu kan alla nyf\u00f6dda i Sk\u00e5ne f\u00e5 behandling mot RS-virus"},"content":{"rendered":"<p>RS-virus, respiratoriskt syncytialvirus, ger oftast milda symtom som liknar en vanlig f\u00f6rkylning. Men barn under tre m\u00e5naders \u00e5lder \u00e4r extra k\u00e4nsliga och l\u00f6per st\u00f6rre risk att bli sv\u00e5rare sjuka och beh\u00f6va sjukhusv\u00e5rd.\u202f\u202f<\/p>\n<p>\u00a0\u2013 Det \u00e4r ett tillst\u00e5nd man beh\u00f6ver ha respekt f\u00f6r. D\u00e4rf\u00f6r \u00e4r det \u00e4r bra att vi nu har ett s\u00e4tt att skydda de allra minsta och sk\u00f6raste, s\u00e4ger Bo Selander, \u00f6verl\u00e4kare i neonatologi p\u00e5 Centralsjukhuset i Kristianstad.\u202f\u202f\u00a0<\/p>\n<p>Erbjuds alla nyf\u00f6dda<\/p>\n<p>Han har varit med och koordinerat uppstarten av den nya rutinen p\u00e5 Sk\u00e5nes fem f\u00f6rlossningsavdelningar, d\u00e4r behandlingen har erbjudits alla barn som f\u00f6tts sedan den 10 september i \u00e5r. Behandlingen \u00e4r inte ett vaccin utan best\u00e5r av antikroppar. Det skyddar s\u00e5 l\u00e4nge antikropparna finns kvar i kroppen, till skillnad fr\u00e5n ett vaccin d\u00e4r barnens eget immunf\u00f6rsvar \u00e4r aktiverat.\u202f\u00a0<\/p>\n<p>Kraftig minskning av sv\u00e5rt sjuka<\/p>\n<p>Behandlingen inneb\u00e4r inte att RS-viruset p\u00e5 sikt f\u00f6rsvinner fr\u00e5n samh\u00e4llet, men statistik fr\u00e5n andra l\u00e4nder visar att risken f\u00f6r sv\u00e5r sjukdom minskar med mellan 70 och 75 procent.\u202f\u00a0<\/p>\n<p>\u2013 Behandlingen skyddar inte mot smitta, utan den p\u00e5verkar hur kroppen hanterar infektionen, s\u00e4ger Linda Resman, \u00f6verl\u00e4kare i barn- och ungdomsmedicin p\u00e5 Lasarettet i Ystad d\u00e4r behandlingen nu erbjuds.\u00a0<\/p>\n<p>Alla nyf\u00f6dda unders\u00f6ks av barnl\u00e4kare n\u00e4r de \u00e4r ungef\u00e4r ett dygn gamla. \u00a0<\/p>\n<p>\u2013 D\u00e5 fr\u00e5gar vi f\u00f6r\u00e4ldrarna om de vill att deras barn ska f\u00e5 behandlingen. Hittills har n\u00e4stan alla f\u00f6r\u00e4ldrar velat det, s\u00e4ger Linda Resman.\u202f\u00a0<\/p>\n<p>F\u00e5r en spruta<\/p>\n<p>L\u00e4kemedlet ges sedan av en barnmorska eller sjuksk\u00f6terska p\u00e5 BB-avdelningen i form av en spruta. Det sker i samband med den f\u00f6rsta l\u00e4karunders\u00f6kningen eller n\u00e4r blodprov tas och h\u00f6rseltest genomf\u00f6rs efter ungef\u00e4r 48 timmar.\u202f\u202f\u00a0<br \/>M\u00e5nga f\u00f6r\u00e4ldrar \u00e4r medvetna om riskerna med RS-virus, men en av de vanligaste fr\u00e5gorna som dyker upp \u00e4r om det finns n\u00e5gra biverkningar av behandlingen.\u00a0<\/p>\n<p>\u2013 Det h\u00e4r l\u00e4kemedlet har getts i andra l\u00e4nder ett tag nu. N\u00e4rmare sju miljoner doser har getts v\u00e4rlden \u00f6ver och man har sett v\u00e4ldigt f\u00e5 biverkningar hittills. Men vi uppmanar alltid f\u00f6r\u00e4ldrarna att s\u00f6ka v\u00e5rd om ett barn som \u00e4r under tre m\u00e5nader f\u00e5r feber, s\u00e5 att orsaken till febern kan fastst\u00e4llas, s\u00e4ger Linda Resman.\u202f\u202f\u00a0<\/p>\n<p>Fakta\u202f\u00a0<\/p>\n<p>Alla barn f\u00f6dda sedan den 10 september har erbjudits den kostnadsfria behandlingen.\u202f\u202f\u00a0<br \/>Folkh\u00e4lsomyndigheten styr hur l\u00e4nge behandlingen kommer att ges. Det som avg\u00f6r \u00e4r hur spridningen av RS-virus ser ut den h\u00e4r s\u00e4songen.\u202f\u00a0<br \/>Folkh\u00e4lsomyndigheten arbetar \u00e4ven med att se \u00f6ver rekommendationerna inf\u00f6r n\u00e4stkommande s\u00e4song.\u202f\u202f\u00a0<br \/>Behandlingen \u00e4r inte ett vaccin utan best\u00e5r av antikroppar. Det skyddar s\u00e5 l\u00e4nge antikropparna finns kvar i kroppen \u2013 till skillnad fr\u00e5n ett vaccin d\u00e4r barnens eget immunf\u00f6rsvar \u00e4r aktiverat.<\/p>\n<p><a href=\"https:\/\/www.1177.se\/Skane\/sjukdomar--besvar\/lungor-och-luftvagar\/inflammation-och-infektion-ilungor-och-luftror\/rs-virus-hos-barn\/\" target=\"_blank\" rel=\"noopener, noreferrer nofollow\">RS-virus hos barn (1177.se)<\/a><\/p>\n","protected":false},"excerpt":{"rendered":"RS-virus, respiratoriskt syncytialvirus, ger oftast milda symtom som liknar en vanlig f\u00f6rkylning. Men barn under tre m\u00e5naders \u00e5lder&hellip;\n","protected":false},"author":2,"featured_media":50679,"comment_status":"","ping_status":"","sticky":false,"template":"","format":"standard","meta":{"footnotes":""},"categories":[69],"tags":[113,112,34,31,33,32,30],"class_list":{"0":"post-50678","1":"post","2":"type-post","3":"status-publish","4":"format-standard","5":"has-post-thumbnail","7":"category-halsa","8":"tag-halsa","9":"tag-health","10":"tag-se","11":"tag-svenska","12":"tag-sverige","13":"tag-sweden","14":"tag-swedish"},"share_on_mastodon":{"url":"","error":""},"_links":{"self":[{"href":"https:\/\/www.europesays.com\/se\/wp-json\/wp\/v2\/posts\/50678","targetHints":{"allow":["GET"]}}],"collection":[{"href":"https:\/\/www.europesays.com\/se\/wp-json\/wp\/v2\/posts"}],"about":[{"href":"https:\/\/www.europesays.com\/se\/wp-json\/wp\/v2\/types\/post"}],"author":[{"embeddable":true,"href":"https:\/\/www.europesays.com\/se\/wp-json\/wp\/v2\/users\/2"}],"replies":[{"embeddable":true,"href":"https:\/\/www.europesays.com\/se\/wp-json\/wp\/v2\/comments?post=50678"}],"version-history":[{"count":0,"href":"https:\/\/www.europesays.com\/se\/wp-json\/wp\/v2\/posts\/50678\/revisions"}],"wp:featuredmedia":[{"embeddable":true,"href":"https:\/\/www.europesays.com\/se\/wp-json\/wp\/v2\/media\/50679"}],"wp:attachment":[{"href":"https:\/\/www.europesays.com\/se\/wp-json\/wp\/v2\/media?parent=50678"}],"wp:term":[{"taxonomy":"category","embeddable":true,"href":"https:\/\/www.europesays.com\/se\/wp-json\/wp\/v2\/categories?post=50678"},{"taxonomy":"post_tag","embeddable":true,"href":"https:\/\/www.europesays.com\/se\/wp-json\/wp\/v2\/tags?post=50678"}],"curies":[{"name":"wp","href":"https:\/\/api.w.org\/{rel}","templated":true}]}}