{"id":50680,"date":"2025-10-08T17:16:16","date_gmt":"2025-10-08T17:16:16","guid":{"rendered":"https:\/\/www.europesays.com\/se\/50680\/"},"modified":"2025-10-08T17:16:16","modified_gmt":"2025-10-08T17:16:16","slug":"youtube-stjarnan-gor-ny-serie-lar-sig-formel-1","status":"publish","type":"post","link":"https:\/\/www.europesays.com\/se\/50680\/","title":{"rendered":"Youtube-stj\u00e4rnan g\u00f6r ny serie \u2013 l\u00e4r sig Formel 1"},"content":{"rendered":"<p>Publicerad 8 okt 2025 kl 17.28<\/p>\n<p>Youtube-stj\u00e4rnan Amelia Dimoldenberg satsar p\u00e5 en ny serie \u2013 d\u00e4r hon l\u00e4r sig Formel 1 av v\u00e4rldens b\u00e4sta f\u00f6rare.<\/p>\n<p><img   alt=\"\"\/><\/p>\n<p>Amelia Dimoldenberg.<\/p>\n<p>Foto: Joanne Davidson \/ TT NYHETSBYR\u00c5N<\/p>\n<p>\u00d6ppna bild i helsk\u00e4rm<\/p>\n<p>Nya Youtube-serien \u201dPassenger princess\u201d \u00e4r inspelad under Belgiens Grand Prix och har premi\u00e4r den 15 oktober. I serien blandas Dimoldensbergs intervjuteknik med \u201dkomedi och f\u00f6rtroliga samtal samtidigt som hon f\u00f6rs\u00f6ker ta k\u00f6rkort\u201d, enligt ett pressmeddelande som <a href=\"https:\/\/variety.com\/2025\/digital\/global\/amelia-dimoldenberg-formula-1-series-passenger-princess-1236542938\/#recipient_hashed=f5c6ea3eac4288a21aad15f059fd6a3d3d426d31a925414ee097a4d5d74277c7&amp;recipient_salt=349bf3e5ecd0e09dea99407a97bce7eba6196113f4a7a347bbf32245bd084054&amp;utm_medium=email&amp;utm_source=exacttarget&amp;utm_campaign=newsalert&amp;utm_content=638622_10-08-2025&amp;utm_term=173326&amp;utm_medium=&amp;utm_source=&amp;utm_campaign=&amp;utm_content=&amp;utm_id=\" rel=\"nofollow noopener\" target=\"_blank\">Variety<\/a> har tagit del av.<\/p>\n<p>Brittiska Dimoldenberg slog igenom med Youtube-serien <a href=\"https:\/\/www.youtube.com\/watch?v=eFS5vxYlfY8\" rel=\"nofollow noopener\" target=\"_blank\">\u201dChicken shop date\u201d,<\/a> d\u00e4r hon intervjuar k\u00e4ndisar med en sarkastisk och torr intervjuteknik.\u00a0<\/p>\n<p>Tidigare i \u00e5r hamnade hon p\u00e5 Times lista \u00f6ver v\u00e4rldens 100 mest inflytelserika digitala r\u00f6sterna, och hon har \u00e4ven blivit en v\u00e4lk\u00e4nd intervjuare p\u00e5 de st\u00f6rsta Hollywoodgalornas r\u00f6da mattor.\u00a0<\/p>\n","protected":false},"excerpt":{"rendered":"Publicerad 8 okt 2025 kl 17.28 Youtube-stj\u00e4rnan Amelia Dimoldenberg satsar p\u00e5 en ny serie \u2013 d\u00e4r hon l\u00e4r&hellip;\n","protected":false},"author":2,"featured_media":50681,"comment_status":"","ping_status":"","sticky":false,"template":"","format":"standard","meta":{"footnotes":""},"categories":[67],"tags":[104,2338,34,31,33,32,30,646,105],"class_list":{"0":"post-50680","1":"post","2":"type-post","3":"status-publish","4":"format-standard","5":"has-post-thumbnail","7":"category-underhallning","8":"tag-entertainment","9":"tag-organization-formel-1","10":"tag-se","11":"tag-svenska","12":"tag-sverige","13":"tag-sweden","14":"tag-swedish","15":"tag-topic-tv-serier","16":"tag-underhallning"},"share_on_mastodon":{"url":"","error":""},"_links":{"self":[{"href":"https:\/\/www.europesays.com\/se\/wp-json\/wp\/v2\/posts\/50680","targetHints":{"allow":["GET"]}}],"collection":[{"href":"https:\/\/www.europesays.com\/se\/wp-json\/wp\/v2\/posts"}],"about":[{"href":"https:\/\/www.europesays.com\/se\/wp-json\/wp\/v2\/types\/post"}],"author":[{"embeddable":true,"href":"https:\/\/www.europesays.com\/se\/wp-json\/wp\/v2\/users\/2"}],"replies":[{"embeddable":true,"href":"https:\/\/www.europesays.com\/se\/wp-json\/wp\/v2\/comments?post=50680"}],"version-history":[{"count":0,"href":"https:\/\/www.europesays.com\/se\/wp-json\/wp\/v2\/posts\/50680\/revisions"}],"wp:featuredmedia":[{"embeddable":true,"href":"https:\/\/www.europesays.com\/se\/wp-json\/wp\/v2\/media\/50681"}],"wp:attachment":[{"href":"https:\/\/www.europesays.com\/se\/wp-json\/wp\/v2\/media?parent=50680"}],"wp:term":[{"taxonomy":"category","embeddable":true,"href":"https:\/\/www.europesays.com\/se\/wp-json\/wp\/v2\/categories?post=50680"},{"taxonomy":"post_tag","embeddable":true,"href":"https:\/\/www.europesays.com\/se\/wp-json\/wp\/v2\/tags?post=50680"}],"curies":[{"name":"wp","href":"https:\/\/api.w.org\/{rel}","templated":true}]}}