{"id":50686,"date":"2025-10-08T17:22:19","date_gmt":"2025-10-08T17:22:19","guid":{"rendered":"https:\/\/www.europesays.com\/se\/50686\/"},"modified":"2025-10-08T17:22:19","modified_gmt":"2025-10-08T17:22:19","slug":"dalig-somn-kan-fa-hjarnan-att-aldras-i-fortid","status":"publish","type":"post","link":"https:\/\/www.europesays.com\/se\/50686\/","title":{"rendered":"D\u00e5lig s\u00f6mn kan f\u00e5 hj\u00e4rnan att \u00e5ldras i f\u00f6rtid"},"content":{"rendered":"<p>\u00c5ldringsforskaren Abigail Dove gick igenom de stora m\u00e4ngderna data fr\u00e5n sin studie.<\/p>\n<p>Hela 27 000 <a href=\"https:\/\/illvet.se\/manniskan\/hjarnan\" class=\"hover:font-bold\" rel=\"nofollow noopener\" target=\"_blank\">hj\u00e4rnor<\/a> hade skannats och nu visade hennes data n\u00e5got som fick henne att reagera.<\/p>\n<p>I en viss grupp av de tusentals deltagarna tycktes hj\u00e4rnan vara omkring ett \u00e5r \u00e4ldre \u00e4n vad f\u00f6delseattesten visade.<\/p>\n<p>\u201dOm du har en hj\u00e4rna som \u00e4r \u00e4ldre \u00e4n din faktiska \u00e5lder kan det vara ett tecken p\u00e5 att \u00e5ldrandet inte sker p\u00e5 ett helt friskt s\u00e4tt\u201d, s\u00e4ger Abigail Dove till Illustrerad Vetenskap.<\/p>\n<p>Efter att neuroepidemiologen, som till vardags forskar vid Aging Research Centre p\u00e5 Karolinska Institutet, f\u00f6rdjupat sig i studiens data stod det pl\u00f6tsligt klart f\u00f6r henne varf\u00f6r just de deltagarna stack ut.<\/p>\n<p>Orsaken visade sig vara en vanlig rutin som de flesta av oss nog k\u00e4nner igen sig i.<\/p>\n<p>Mot bakgrund av uppt\u00e4ckten delar Abigail Dove nu med sig av tre konkreta r\u00e5d som du kan anv\u00e4nda dig av i vardagen f\u00f6r att skydda hj\u00e4rnan och h\u00e5lla den ung.<\/p>\n","protected":false},"excerpt":{"rendered":"\u00c5ldringsforskaren Abigail Dove gick igenom de stora m\u00e4ngderna data fr\u00e5n sin studie. Hela 27 000 hj\u00e4rnor hade skannats&hellip;\n","protected":false},"author":2,"featured_media":50687,"comment_status":"","ping_status":"","sticky":false,"template":"","format":"standard","meta":{"footnotes":""},"categories":[69],"tags":[113,112,34,31,33,32,30],"class_list":{"0":"post-50686","1":"post","2":"type-post","3":"status-publish","4":"format-standard","5":"has-post-thumbnail","7":"category-halsa","8":"tag-halsa","9":"tag-health","10":"tag-se","11":"tag-svenska","12":"tag-sverige","13":"tag-sweden","14":"tag-swedish"},"share_on_mastodon":{"url":"","error":""},"_links":{"self":[{"href":"https:\/\/www.europesays.com\/se\/wp-json\/wp\/v2\/posts\/50686","targetHints":{"allow":["GET"]}}],"collection":[{"href":"https:\/\/www.europesays.com\/se\/wp-json\/wp\/v2\/posts"}],"about":[{"href":"https:\/\/www.europesays.com\/se\/wp-json\/wp\/v2\/types\/post"}],"author":[{"embeddable":true,"href":"https:\/\/www.europesays.com\/se\/wp-json\/wp\/v2\/users\/2"}],"replies":[{"embeddable":true,"href":"https:\/\/www.europesays.com\/se\/wp-json\/wp\/v2\/comments?post=50686"}],"version-history":[{"count":0,"href":"https:\/\/www.europesays.com\/se\/wp-json\/wp\/v2\/posts\/50686\/revisions"}],"wp:featuredmedia":[{"embeddable":true,"href":"https:\/\/www.europesays.com\/se\/wp-json\/wp\/v2\/media\/50687"}],"wp:attachment":[{"href":"https:\/\/www.europesays.com\/se\/wp-json\/wp\/v2\/media?parent=50686"}],"wp:term":[{"taxonomy":"category","embeddable":true,"href":"https:\/\/www.europesays.com\/se\/wp-json\/wp\/v2\/categories?post=50686"},{"taxonomy":"post_tag","embeddable":true,"href":"https:\/\/www.europesays.com\/se\/wp-json\/wp\/v2\/tags?post=50686"}],"curies":[{"name":"wp","href":"https:\/\/api.w.org\/{rel}","templated":true}]}}