{"id":50688,"date":"2025-10-08T17:24:12","date_gmt":"2025-10-08T17:24:12","guid":{"rendered":"https:\/\/www.europesays.com\/se\/50688\/"},"modified":"2025-10-08T17:24:12","modified_gmt":"2025-10-08T17:24:12","slug":"swifts-nya-platta-slar-omojligt-rekord","status":"publish","type":"post","link":"https:\/\/www.europesays.com\/se\/50688\/","title":{"rendered":"Swifts nya platta sl\u00e5r \u201dom\u00f6jligt\u201d rekord"},"content":{"rendered":"<p>Adeles rekord \u00f6ver antalet s\u00e5lda album under en och samma vecka har slagits efter tio \u00e5r, skriver New York Times. <\/p>\n<p>Den brittiska s\u00e5ngerskan s\u00e5lde 3,5 miljoner exemplar under den f\u00f6rsta veckan efter att albumet \u201c25\u201d fr\u00e5n 2015 hade sl\u00e4ppts. Den siffran har redan slagits av superstj\u00e4rnan Taylor Swift vars album \u201cThe Life of a Showgirl\u201d sl\u00e4pptes i fredags. <\/p>\n<p>Enligt tidningen har den allm\u00e4nna uppfattningen i branschen varit att Adeles rekord aldrig kommer att sl\u00e5s eftersom musik i\u202fdag fr\u00e4mst str\u00f6mmas. <\/p>\n<p>Omni \u00e4r politiskt obundna och oberoende. Vi str\u00e4var efter att ge fler perspektiv p\u00e5 nyheterna. Har du fr\u00e5gor eller synpunkter kring v\u00e5r rapportering? <a href=\"https:\/\/omni.se\/swifts-nya-platta-slar-omojligt-rekord\/a\/mailto:redaktion@omni.se\" class=\"ArticleActions_contactLink__W2F1M\" rel=\"nofollow noopener\" target=\"_blank\">Kontakta redaktionen<\/a><\/p>\n","protected":false},"excerpt":{"rendered":"Adeles rekord \u00f6ver antalet s\u00e5lda album under en och samma vecka har slagits efter tio \u00e5r, skriver New&hellip;\n","protected":false},"author":2,"featured_media":50689,"comment_status":"","ping_status":"","sticky":false,"template":"","format":"standard","meta":{"footnotes":""},"categories":[67],"tags":[5013,104,172,34,31,33,32,30,648,105],"class_list":{"0":"post-50688","1":"post","2":"type-post","3":"status-publish","4":"format-standard","5":"has-post-thumbnail","7":"category-underhallning","8":"tag-adele","9":"tag-entertainment","10":"tag-musik","11":"tag-se","12":"tag-svenska","13":"tag-sverige","14":"tag-sweden","15":"tag-swedish","16":"tag-taylor-swift","17":"tag-underhallning"},"share_on_mastodon":{"url":"","error":""},"_links":{"self":[{"href":"https:\/\/www.europesays.com\/se\/wp-json\/wp\/v2\/posts\/50688","targetHints":{"allow":["GET"]}}],"collection":[{"href":"https:\/\/www.europesays.com\/se\/wp-json\/wp\/v2\/posts"}],"about":[{"href":"https:\/\/www.europesays.com\/se\/wp-json\/wp\/v2\/types\/post"}],"author":[{"embeddable":true,"href":"https:\/\/www.europesays.com\/se\/wp-json\/wp\/v2\/users\/2"}],"replies":[{"embeddable":true,"href":"https:\/\/www.europesays.com\/se\/wp-json\/wp\/v2\/comments?post=50688"}],"version-history":[{"count":0,"href":"https:\/\/www.europesays.com\/se\/wp-json\/wp\/v2\/posts\/50688\/revisions"}],"wp:featuredmedia":[{"embeddable":true,"href":"https:\/\/www.europesays.com\/se\/wp-json\/wp\/v2\/media\/50689"}],"wp:attachment":[{"href":"https:\/\/www.europesays.com\/se\/wp-json\/wp\/v2\/media?parent=50688"}],"wp:term":[{"taxonomy":"category","embeddable":true,"href":"https:\/\/www.europesays.com\/se\/wp-json\/wp\/v2\/categories?post=50688"},{"taxonomy":"post_tag","embeddable":true,"href":"https:\/\/www.europesays.com\/se\/wp-json\/wp\/v2\/tags?post=50688"}],"curies":[{"name":"wp","href":"https:\/\/api.w.org\/{rel}","templated":true}]}}