{"id":50692,"date":"2025-10-08T17:29:27","date_gmt":"2025-10-08T17:29:27","guid":{"rendered":"https:\/\/www.europesays.com\/se\/50692\/"},"modified":"2025-10-08T17:29:27","modified_gmt":"2025-10-08T17:29:27","slug":"sasongsenkaten-nhl-de-vinner-stanley-cup","status":"publish","type":"post","link":"https:\/\/www.europesays.com\/se\/50692\/","title":{"rendered":"S\u00e4songsenk\u00e4ten NHL: De vinner Stanley Cup"},"content":{"rendered":"<p>NHL \u00e4r tillbaka och SvenskaFans har samlat panelen f\u00f6r att snacka upp den stundade s\u00e4songen i v\u00e4rldens b\u00e4sta liga.<\/p>\n<p>\u00c4r du n\u00f6jd med hur klubben har agerat p\u00e5 transfermarknaden? Vem \u00e4r den b\u00e4sta v\u00e4rvningen respektive v\u00e4rsta f\u00f6rlusten?<br \/><strong>Emil Gummeson, Skribent Tampa Bay-redaktionen<\/strong><br \/>Jag tycker att man har agerat sunt, man kan inte varje \u00e5r sl\u00e5 p\u00e5 stort, utan l\u00e5ta gruppen v\u00e4xa ihop lite. D\u00e5 det inte har h\u00e4nt s\u00e5 mycket s\u00e5 blir ju Pontus Holmberg den mest profilerade adderingen vilket inte sm\u00e4ller superh\u00f6gt. S\u00e5 jag v\u00e4ljer att h\u00e5lla f\u00f6rl\u00e4ngningen med Gage Goncalves som det mest intressanta. Han avslutade f\u00f6rra s\u00e4songen starkt och verkar initialt ha spelat till sig en plats i andrakedjan, ska bli kul att se om han tar chansen!<\/p>\n<p>Ser man till de som l\u00e4mnat s\u00e5 hade jag g\u00e4rna beh\u00e5llit Nick Perbix \u00f6ver en viss (norsk) herre. Men nu \u00e4r det som det \u00e4r, kan nog bli bra \u00e4nd\u00e5!<\/p>\n<p><strong>Olof Nilsson, Skribent Vancouver-redaktionen<\/strong><br \/>Canucks har inte gjort mycket v\u00e4sen ifr\u00e5n sig under sommaren, den b\u00e4sta och mest meriterade v\u00e4rvningen \u00e4r Evander Kane. Kan han h\u00e5lla sig skadefri och h\u00e5lla sig borta fr\u00e5n kontroverser kan han bidra med fysik och po\u00e4ng vilket \u00e4r v\u00e4lbeh\u00f6vligt.<br \/>Den avsked som svider mest \u00e4r Dakota Joshua som var en oerh\u00f6rt nyttig spelare f\u00f6r Canucks, hade inte den b\u00e4sta s\u00e4songen f\u00f6rra \u00e5ret vilket inte var s\u00e5 konstigt med tanke p\u00e5 han genomg\u00e5tt cancerbehandling under b\u00f6rjan av s\u00e4songen. Tror han kommer g\u00f6ra sig v\u00e4ldigt popul\u00e4r i Toronto med sin aggressiva spelstil och n\u00e4sa f\u00f6r m\u00e5l.<\/p>\n<p>Finns det n\u00e5gra uppenbara brister i lagbygget?<br \/><strong>Emil Gummesson, Skribent Tampa Bay-redaktionen<\/strong><br \/>En back till h\u00f6gersidan hade varit bra, f\u00f6r att kunna flytta \u00f6ver JJ Moser till v\u00e4nster igen. Jag tror ocks\u00e5 det \u00e4r det som kommer att komma in vid Trade Deadline.<\/p>\n<p><strong>Olof Nilsson, Skribent Vancouver-redaktionen<\/strong><br \/>Det saknas fortfarande spets p\u00e5 forwardssidan, framf\u00f6rallt en etablerad center till andra kedjan. F\u00f6r n\u00e4rvarande ser det ut att bli Filip Chytil som fyller den platsen vilket \u00e4r friskt v\u00e5gat med tanke p\u00e5 hans skadehistorik. Sen \u00e4r Canucks offensiv r\u00e4tt trubbig \u00f6verlag s\u00e5 det hade inte skadat med en topp 6 forward med lite p\u00e5litlig po\u00e4ngsk\u00f6rd i bagaget.\u00a0<\/p>\n<p>Vilken lagdel \u00e4r det som b\u00e4r laget?<br \/><strong>Emil Gummesson, Skribent Tampa Bay-redaktionen<\/strong><br \/>Skulle s\u00e4ga att lagbygget \u00e4r ganska homogent med kvalitet i samtliga lagdelar. Men om f\u00f6rstaformationen skulle bli kall s\u00e5 \u00e4r v\u00e4l k\u00e4nslan att det inte kommer bli fullt s\u00e5 kul som man hoppas.<\/p>\n<p><strong>Olof Nilsson, Skribent Vancouver-redaktionen<\/strong><br \/>Skulle s\u00e4ga att m\u00e5lvaktssidan \u00e4r den starkaste, Thatcher Demko och Kevin Lankinen \u00e4r ett v\u00e4ldigt stabilt par f\u00f6rutsatt att Demko kan h\u00e5lla sig hyfsat skadefri. Sv\u00e5rt att inte n\u00e4mna backsidan och Quinn Hughes men som lagdel \u00e4r f\u00f6rsvaret inte lika komplett som burv\u00e4ktarna.\u00a0<\/p>\n<p>Finns det n\u00e5gon yngre f\u00f6rm\u00e5ga som vi borde h\u00e5lla ett extra \u00f6ga p\u00e5 den h\u00e4r s\u00e4songen?<br \/><strong>Emil Gummesson, Skribent Tampa Bay-redaktionen<\/strong><br \/>Conor Geekie \u00e4r intressant. Spelar han sina kort r\u00e4tt s\u00e5 \u00e4r det en framtida 30-40 m\u00e5lsskytt i ligan. \u00c5terst\u00e5r att se om han tar steg mot det under sin andra s\u00e4song i ligan.<br \/>Sl\u00e4nger \u00e4ven in en lite slamkrypare i Dominic James. Som signades strax innan tr\u00e4ningsl\u00e4gret och var den sista spelaren som fick l\u00e4mna innan truppen spikades.<\/p>\n<p><strong>Olof Nilsson, Skribent Vancouver-redaktionen<\/strong><br \/>Jonathan Lekkerim\u00e4ki kommer f\u00e5 chansen i b\u00f6rjan av s\u00e4songen att etablera sig i och med Nils H\u00f6glanders skada s\u00e5 jag skulle definitivt rekommendera att h\u00e5lla ett \u00f6ga p\u00e5 honom. Han har imponerat under senare delen av f\u00f6rs\u00e4songen och kan vara en bit i pusslet f\u00f6r Canucks svajiga offensiv.\u00a0<\/p>\n<p>Vilket lag vinner Stanley Cup, och varf\u00f6r?<br \/><strong>Emil Gummesson, Skribent Tampa Bay-redaktionen<\/strong><br \/>Har inte funderat s\u00e5 mycket p\u00e5 det, mest f\u00f6r att jag inte \u00e4r n\u00e5gon tippare. Men st\u00e4rkta av McDavids f\u00f6rl\u00e4ngning och en m\u00e5lvakt vid deadline s\u00e5 tar Edmonton hem det.\u00a0<\/p>\n<p><strong>Olof Nilsson, Skribent Vancouver-redaktionen<\/strong><br \/>Sugen p\u00e5 att s\u00e4ga Florida Panthers igen d\u00e5 de s\u00e5g oslagbara ut under f\u00f6rra s\u00e4songens slutspel men med Barkov borta blir det nog knepigt f\u00f6r dom att h\u00e5lla hela v\u00e4gen. Min r\u00f6st faller motvilligt p\u00e5 Edmonton, med Connor McDavids v\u00e4ldigt sn\u00e4lla kontraktsf\u00f6rl\u00e4ngning k\u00e4nns det som att de kan f\u00e5 lite vind i seglen, det enda som kan s\u00e4tta k\u00e4ppar i hjulet f\u00f6r deras framg\u00e5ng \u00e4r den svaga m\u00e5lvaktssidan.\u00a0<\/p>\n","protected":false},"excerpt":{"rendered":"NHL \u00e4r tillbaka och SvenskaFans har samlat panelen f\u00f6r att snacka upp den stundade s\u00e4songen i v\u00e4rldens b\u00e4sta&hellip;\n","protected":false},"author":2,"featured_media":50693,"comment_status":"","ping_status":"","sticky":false,"template":"","format":"standard","meta":{"footnotes":""},"categories":[5],"tags":[159,22,23,158,157,26,27,138,17,156,21,24,25,28,29,165,164,15,16,140,18,34,160,162,111,31,161,33,32,30,163,19,20],"class_list":{"0":"post-50692","1":"post","2":"type-post","3":"status-publish","4":"format-standard","5":"has-post-thumbnail","7":"category-rubriker","8":"tag-allsvenskan","9":"tag-breaking-news","10":"tag-breakingnews","11":"tag-fans","12":"tag-fantv","13":"tag-featured-news","14":"tag-featurednews","15":"tag-fotboll","16":"tag-headlines","17":"tag-hockey","18":"tag-huvudnyheter","19":"tag-latest-news","20":"tag-latestnews","21":"tag-main-news","22":"tag-mainnews","23":"tag-matcher","24":"tag-matchprogram","25":"tag-news","26":"tag-nyheter","27":"tag-premier-league","28":"tag-rubriker","29":"tag-se","30":"tag-serie-a","31":"tag-spelschema","32":"tag-sport","33":"tag-svenska","34":"tag-svenskafans","35":"tag-sverige","36":"tag-sweden","37":"tag-swedish","38":"tag-tabeller","39":"tag-top-stories","40":"tag-topstories"},"share_on_mastodon":{"url":"","error":""},"_links":{"self":[{"href":"https:\/\/www.europesays.com\/se\/wp-json\/wp\/v2\/posts\/50692","targetHints":{"allow":["GET"]}}],"collection":[{"href":"https:\/\/www.europesays.com\/se\/wp-json\/wp\/v2\/posts"}],"about":[{"href":"https:\/\/www.europesays.com\/se\/wp-json\/wp\/v2\/types\/post"}],"author":[{"embeddable":true,"href":"https:\/\/www.europesays.com\/se\/wp-json\/wp\/v2\/users\/2"}],"replies":[{"embeddable":true,"href":"https:\/\/www.europesays.com\/se\/wp-json\/wp\/v2\/comments?post=50692"}],"version-history":[{"count":0,"href":"https:\/\/www.europesays.com\/se\/wp-json\/wp\/v2\/posts\/50692\/revisions"}],"wp:featuredmedia":[{"embeddable":true,"href":"https:\/\/www.europesays.com\/se\/wp-json\/wp\/v2\/media\/50693"}],"wp:attachment":[{"href":"https:\/\/www.europesays.com\/se\/wp-json\/wp\/v2\/media?parent=50692"}],"wp:term":[{"taxonomy":"category","embeddable":true,"href":"https:\/\/www.europesays.com\/se\/wp-json\/wp\/v2\/categories?post=50692"},{"taxonomy":"post_tag","embeddable":true,"href":"https:\/\/www.europesays.com\/se\/wp-json\/wp\/v2\/tags?post=50692"}],"curies":[{"name":"wp","href":"https:\/\/api.w.org\/{rel}","templated":true}]}}