{"id":50702,"date":"2025-10-08T17:51:19","date_gmt":"2025-10-08T17:51:19","guid":{"rendered":"https:\/\/www.europesays.com\/se\/50702\/"},"modified":"2025-10-08T17:51:19","modified_gmt":"2025-10-08T17:51:19","slug":"29-arig-taxichauffor-gripen-for-stora-skogsbranden","status":"publish","type":"post","link":"https:\/\/www.europesays.com\/se\/50702\/","title":{"rendered":"29-\u00e5rig taxichauff\u00f6r gripen f\u00f6r stora skogsbranden"},"content":{"rendered":"<p>En 29-\u00e5rig taxichauff\u00f6r har gripits misst\u00e4nkt f\u00f6r att medvetet ha anlagt branden i Kalifornien i januari, rapporterar amerikanska medier. Branden drabbade omr\u00e5dena Pacific Palisades och Malibu och beskrivs som den v\u00e4rsta i Los Angeles historia. Tusentals hem f\u00f6rst\u00f6rdes och tolv m\u00e4nniskor miste livet. <\/p>\n<p>29-\u00e5rigen, som jobbade f\u00f6r Uber, misst\u00e4nks ha anlagt branden p\u00e5 ny\u00e5rsafton. Bland bevisen som presenterades under onsdagen finns en AI-genererad bild p\u00e5 en amerikansk stad i l\u00e5gor som mannen ska ha skapat veckor innan brottet. <\/p>\n<p>Motivet \u00e4r fortfarande oklart. <\/p>\n<p>\u2013 M\u00e4nniskor g\u00f6r ondskefulla saker av alla m\u00f6jliga sk\u00e4l, s\u00e4ger Kenny Cooper vid polismyndigheten ATF som har varit med och utrett branden. <\/p>\n<p>Omni \u00e4r politiskt obundna och oberoende. Vi str\u00e4var efter att ge fler perspektiv p\u00e5 nyheterna. Har du fr\u00e5gor eller synpunkter kring v\u00e5r rapportering? <a href=\"https:\/\/omni.se\/29-arig-taxichauffor-gripen-for-stora-skogsbranden\/a\/mailto:redaktion@omni.se\" class=\"ArticleActions_contactLink__W2F1M\" rel=\"nofollow noopener\" target=\"_blank\">Kontakta redaktionen<\/a><\/p>\n","protected":false},"excerpt":{"rendered":"En 29-\u00e5rig taxichauff\u00f6r har gripits misst\u00e4nkt f\u00f6r att medvetet ha anlagt branden i Kalifornien i januari, rapporterar amerikanska&hellip;\n","protected":false},"author":2,"featured_media":50703,"comment_status":"","ping_status":"","sticky":false,"template":"","format":"standard","meta":{"footnotes":""},"categories":[5],"tags":[22,23,26,27,17,21,24,25,28,29,15,268,16,18,34,31,33,32,30,19,20,74],"class_list":{"0":"post-50702","1":"post","2":"type-post","3":"status-publish","4":"format-standard","5":"has-post-thumbnail","7":"category-rubriker","8":"tag-breaking-news","9":"tag-breakingnews","10":"tag-featured-news","11":"tag-featurednews","12":"tag-headlines","13":"tag-huvudnyheter","14":"tag-latest-news","15":"tag-latestnews","16":"tag-main-news","17":"tag-mainnews","18":"tag-news","19":"tag-nordamerika","20":"tag-nyheter","21":"tag-rubriker","22":"tag-se","23":"tag-svenska","24":"tag-sverige","25":"tag-sweden","26":"tag-swedish","27":"tag-top-stories","28":"tag-topstories","29":"tag-usa"},"share_on_mastodon":{"url":"","error":""},"_links":{"self":[{"href":"https:\/\/www.europesays.com\/se\/wp-json\/wp\/v2\/posts\/50702","targetHints":{"allow":["GET"]}}],"collection":[{"href":"https:\/\/www.europesays.com\/se\/wp-json\/wp\/v2\/posts"}],"about":[{"href":"https:\/\/www.europesays.com\/se\/wp-json\/wp\/v2\/types\/post"}],"author":[{"embeddable":true,"href":"https:\/\/www.europesays.com\/se\/wp-json\/wp\/v2\/users\/2"}],"replies":[{"embeddable":true,"href":"https:\/\/www.europesays.com\/se\/wp-json\/wp\/v2\/comments?post=50702"}],"version-history":[{"count":0,"href":"https:\/\/www.europesays.com\/se\/wp-json\/wp\/v2\/posts\/50702\/revisions"}],"wp:featuredmedia":[{"embeddable":true,"href":"https:\/\/www.europesays.com\/se\/wp-json\/wp\/v2\/media\/50703"}],"wp:attachment":[{"href":"https:\/\/www.europesays.com\/se\/wp-json\/wp\/v2\/media?parent=50702"}],"wp:term":[{"taxonomy":"category","embeddable":true,"href":"https:\/\/www.europesays.com\/se\/wp-json\/wp\/v2\/categories?post=50702"},{"taxonomy":"post_tag","embeddable":true,"href":"https:\/\/www.europesays.com\/se\/wp-json\/wp\/v2\/tags?post=50702"}],"curies":[{"name":"wp","href":"https:\/\/api.w.org\/{rel}","templated":true}]}}