{"id":50708,"date":"2025-10-08T18:02:09","date_gmt":"2025-10-08T18:02:09","guid":{"rendered":"https:\/\/www.europesays.com\/se\/50708\/"},"modified":"2025-10-08T18:02:09","modified_gmt":"2025-10-08T18:02:09","slug":"amadeus-sogaard-ska-bli-pappa-bebislyckan-med-frun","status":"publish","type":"post","link":"https:\/\/www.europesays.com\/se\/50708\/","title":{"rendered":"Amadeus S\u00f6gaard ska bli pappa \u2013 bebislyckan med frun"},"content":{"rendered":"<p>Publicerad 8 okt 2025 kl 19.17Uppdaterad kl 19.34<\/p>\n<p>Carola H\u00e4ggkvist ska bli farmor!<\/p>\n<p>Amadeus S\u00f6gaard och frun Matilda Linderoth v\u00e4ntar sitt f\u00f6rsta barn ihop.<\/p>\n<p><img   alt=\"\"\/><\/p>\n<p>Norrk\u00f6pingsspelaren Amadeus S\u00f6gaard och Matilda Linderoth f\u00f6rlovade sig 2023.<\/p>\n<p>Foto: STELLA Pictures \/ Instagram<\/p>\n<p>\u00d6ppna bild i helsk\u00e4rm<img loading=\"lazy\"   alt=\"\"\/><\/p>\n<p>Amadeus S\u00f6gaard med systern Zoe H\u00e4ggkvist och mamma Carola H\u00e4ggkvist 2022.<\/p>\n<p>Foto: Karin T\u00f6rnblom \/ IBL<\/p>\n<p>\u00d6ppna bild i helsk\u00e4rm<img loading=\"lazy\"   alt=\"\"\/><\/p>\n<p>Carola H\u00e4ggkvist p\u00e5 ett event i maj i \u00e5r.<\/p>\n<p>Foto: Karin T\u00f6rnblom \/ IBL<\/p>\n<p>\u00d6ppna bild i helsk\u00e4rm<\/p>\n<p>\u201dLoading\u2026\u201d, skriver <a href=\"https:\/\/www.expressen.se\/tagg\/person\/amadeus-sogaard\/\" class=\"\" rel=\"nofollow noopener\" target=\"_blank\">Amadeus S\u00f6gaard<\/a>, 27, och frun Matilda Linderoth, 27, i ett gemensamt inl\u00e4gg p\u00e5 Instagram \u2013 och har delat bilder p\u00e5 ett ultraljud och sig sj\u00e4lva.<\/p>\n<p>Paret gifte sig i somras och v\u00e4ntar nu sitt f\u00f6rsta barn tillsammans.<\/p>\n<p>Carola H\u00e4ggkvist ska d\u00e4rmed bli farmor f\u00f6r f\u00f6rsta g\u00e5ngen.<\/p>\n<p>Nu str\u00f6mmar grattish\u00e4lsningarna in till paret p\u00e5 Instagram.<\/p>\n<p>Amadeus S\u00f6gaard \u00e4r son till Carola H\u00e4ggkvist och Runar S\u00f6gaard och spelar fotboll i allsvenska Norrk\u00f6ping.<\/p>\n<p><a href=\"https:\/\/www.instagram.com\/p\/DPjjMwZDIZ3\/?hidecaption=true\" data-provider=\"instagram\" class=\"js-social-embed\" rel=\"nofollow noopener\" target=\"_blank\">https:\/\/www.instagram.com\/p\/DPjjMwZDIZ3\/?hidecaption=true<\/a><script async src=\"\/\/www.instagram.com\/embed.js\"><\/script><\/p>\n","protected":false},"excerpt":{"rendered":"Publicerad 8 okt 2025 kl 19.17Uppdaterad kl 19.34 Carola H\u00e4ggkvist ska bli farmor! Amadeus S\u00f6gaard och frun Matilda&hellip;\n","protected":false},"author":2,"featured_media":50709,"comment_status":"","ping_status":"","sticky":false,"template":"","format":"standard","meta":{"footnotes":""},"categories":[67],"tags":[104,5014,2680,34,31,33,32,30,105],"class_list":{"0":"post-50708","1":"post","2":"type-post","3":"status-publish","4":"format-standard","5":"has-post-thumbnail","7":"category-underhallning","8":"tag-entertainment","9":"tag-person-amadeus-sogaard","10":"tag-person-carola-haggkvist","11":"tag-se","12":"tag-svenska","13":"tag-sverige","14":"tag-sweden","15":"tag-swedish","16":"tag-underhallning"},"share_on_mastodon":{"url":"","error":""},"_links":{"self":[{"href":"https:\/\/www.europesays.com\/se\/wp-json\/wp\/v2\/posts\/50708","targetHints":{"allow":["GET"]}}],"collection":[{"href":"https:\/\/www.europesays.com\/se\/wp-json\/wp\/v2\/posts"}],"about":[{"href":"https:\/\/www.europesays.com\/se\/wp-json\/wp\/v2\/types\/post"}],"author":[{"embeddable":true,"href":"https:\/\/www.europesays.com\/se\/wp-json\/wp\/v2\/users\/2"}],"replies":[{"embeddable":true,"href":"https:\/\/www.europesays.com\/se\/wp-json\/wp\/v2\/comments?post=50708"}],"version-history":[{"count":0,"href":"https:\/\/www.europesays.com\/se\/wp-json\/wp\/v2\/posts\/50708\/revisions"}],"wp:featuredmedia":[{"embeddable":true,"href":"https:\/\/www.europesays.com\/se\/wp-json\/wp\/v2\/media\/50709"}],"wp:attachment":[{"href":"https:\/\/www.europesays.com\/se\/wp-json\/wp\/v2\/media?parent=50708"}],"wp:term":[{"taxonomy":"category","embeddable":true,"href":"https:\/\/www.europesays.com\/se\/wp-json\/wp\/v2\/categories?post=50708"},{"taxonomy":"post_tag","embeddable":true,"href":"https:\/\/www.europesays.com\/se\/wp-json\/wp\/v2\/tags?post=50708"}],"curies":[{"name":"wp","href":"https:\/\/api.w.org\/{rel}","templated":true}]}}