{"id":50742,"date":"2025-10-08T18:57:16","date_gmt":"2025-10-08T18:57:16","guid":{"rendered":"https:\/\/www.europesays.com\/se\/50742\/"},"modified":"2025-10-08T18:57:16","modified_gmt":"2025-10-08T18:57:16","slug":"nhl-stjarnan-mattias-ekholm-forlanger-med-edmonton-oilers-nhl","status":"publish","type":"post","link":"https:\/\/www.europesays.com\/se\/50742\/","title":{"rendered":"NHL-stj\u00e4rnan Mattias Ekholm f\u00f6rl\u00e4nger med Edmonton Oilers | NHL"},"content":{"rendered":"<p>Publicerad 8 okt 2025 kl 16.26Uppdaterad kl 18.36<\/p>\n<p>Finalf\u00f6rlust i v\u00e5ras.<\/p>\n<p>Nu f\u00e5r Mattias Ekholm fler chanser att vinna Stanley Cup.<\/p>\n<p>35-\u00e5ringen har f\u00f6rl\u00e4ngt sitt kontrakt med Edmonton Oilers. \u00a0<\/p>\n<p>Senaste sportklippen fr\u00e5n Expressen.<img   alt=\"\"\/><\/p>\n<p>Mattias Ekholm.<\/p>\n<p>Foto: SERGEI BELSKI \/ BILDBYR\u00c5N<\/p>\n<p>\u00d6ppna bild i helsk\u00e4rm<\/p>\n<p>Mattias Ekholm blir kvar i Kanada.<\/p>\n<p>Svensken har f\u00f6rl\u00e4ngt sitt kontrakt med <a href=\"https:\/\/www.expressen.se\/tagg\/organization\/edmonton-oilers\/\" class=\"\" rel=\"nofollow noopener\" target=\"_blank\">Edmonton Oilers<\/a> med tre s\u00e4songer. F\u00f6r varje \u00e5r kommer 35-\u00e5ringen att tj\u00e4na fyra miljoner dollar, motsvarande runt 38 miljoner kronor.<\/p>\n<p>F\u00f6rra s\u00e4songen n\u00e5dde Edmonton hela v\u00e4gen till final i Stanley Cup, d\u00e4r man f\u00f6ll mot Florida Panthers.<\/p>\n<p>Ekholm spelade 65 matcher och noterades f\u00f6r 33 po\u00e4ng (9+24) i grundserien, innan en skada h\u00f6ll honom borta fr\u00e5n spel fram till slutspelets tredje runda.<\/p>\n<p>V\u00e4l d\u00e4r bidrog svensken med ett m\u00e5l och fem assist p\u00e5 sju matcher.<\/p>\n<p>35-\u00e5ringen kom till Oilers fr\u00e5n Nashville Predators f\u00f6re trade deadline 2023 d\u00e4r han gjorde tolv s\u00e4songer.<\/p>\n<p>\u00c4ven superstj\u00e4rnan Connor McDavid f\u00f6rl\u00e4ngde nyligen sitt kontrakt med Edmonton, d\u00e5 med tv\u00e5 \u00e5r.<\/p>\n","protected":false},"excerpt":{"rendered":"Publicerad 8 okt 2025 kl 16.26Uppdaterad kl 18.36 Finalf\u00f6rlust i v\u00e5ras. Nu f\u00e5r Mattias Ekholm fler chanser att&hellip;\n","protected":false},"author":2,"featured_media":50743,"comment_status":"","ping_status":"","sticky":false,"template":"","format":"standard","meta":{"footnotes":""},"categories":[5],"tags":[22,23,26,27,17,21,24,25,28,29,15,16,4884,421,5015,18,34,255,256,31,33,32,30,19,20],"class_list":{"0":"post-50742","1":"post","2":"type-post","3":"status-publish","4":"format-standard","5":"has-post-thumbnail","7":"category-rubriker","8":"tag-breaking-news","9":"tag-breakingnews","10":"tag-featured-news","11":"tag-featurednews","12":"tag-headlines","13":"tag-huvudnyheter","14":"tag-latest-news","15":"tag-latestnews","16":"tag-main-news","17":"tag-mainnews","18":"tag-news","19":"tag-nyheter","20":"tag-organization-edmonton-oilers","21":"tag-organization-nhl","22":"tag-person-mattias-ekholm","23":"tag-rubriker","24":"tag-se","25":"tag-sections-ishockey","26":"tag-sections-nhl","27":"tag-svenska","28":"tag-sverige","29":"tag-sweden","30":"tag-swedish","31":"tag-top-stories","32":"tag-topstories"},"share_on_mastodon":{"url":"","error":""},"_links":{"self":[{"href":"https:\/\/www.europesays.com\/se\/wp-json\/wp\/v2\/posts\/50742","targetHints":{"allow":["GET"]}}],"collection":[{"href":"https:\/\/www.europesays.com\/se\/wp-json\/wp\/v2\/posts"}],"about":[{"href":"https:\/\/www.europesays.com\/se\/wp-json\/wp\/v2\/types\/post"}],"author":[{"embeddable":true,"href":"https:\/\/www.europesays.com\/se\/wp-json\/wp\/v2\/users\/2"}],"replies":[{"embeddable":true,"href":"https:\/\/www.europesays.com\/se\/wp-json\/wp\/v2\/comments?post=50742"}],"version-history":[{"count":0,"href":"https:\/\/www.europesays.com\/se\/wp-json\/wp\/v2\/posts\/50742\/revisions"}],"wp:featuredmedia":[{"embeddable":true,"href":"https:\/\/www.europesays.com\/se\/wp-json\/wp\/v2\/media\/50743"}],"wp:attachment":[{"href":"https:\/\/www.europesays.com\/se\/wp-json\/wp\/v2\/media?parent=50742"}],"wp:term":[{"taxonomy":"category","embeddable":true,"href":"https:\/\/www.europesays.com\/se\/wp-json\/wp\/v2\/categories?post=50742"},{"taxonomy":"post_tag","embeddable":true,"href":"https:\/\/www.europesays.com\/se\/wp-json\/wp\/v2\/tags?post=50742"}],"curies":[{"name":"wp","href":"https:\/\/api.w.org\/{rel}","templated":true}]}}