{"id":50748,"date":"2025-10-08T19:05:21","date_gmt":"2025-10-08T19:05:21","guid":{"rendered":"https:\/\/www.europesays.com\/se\/50748\/"},"modified":"2025-10-08T19:05:21","modified_gmt":"2025-10-08T19:05:21","slug":"myndigheter-skyller-nedstangningen-pa-demokraterna","status":"publish","type":"post","link":"https:\/\/www.europesays.com\/se\/50748\/","title":{"rendered":"Myndigheter skyller nedst\u00e4ngningen p\u00e5 Demokraterna"},"content":{"rendered":"<p>Federala myndigheter i USA skyller nedst\u00e4ngningen av delar av den amerikanska statsapparaten p\u00e5 Demokraterna, rapporterar flera medier. <\/p>\n<p>P\u00e5 hemsidorna f\u00f6r justitiedepartementet, departementet f\u00f6r bostads- och stadsutveckling samt jordbruksdepartementet finns en banderoll d\u00e4r myndigheterna bland annat varnar f\u00f6r l\u00e5nga svarstider. Det st\u00e5r \u00e4ven saker som \u201dDemokraterna har st\u00e4ngt ner regeringen\u201d och \u201dDen radikala v\u00e4nstern st\u00e4ngde ner regeringen\u201d. <\/p>\n<p>Experter som Politico och NPR har pratat med menar att meddelandena bryter mot lagar som f\u00f6rbjuder partiska budskap eller politisk lobbyverksamhet inom federala myndigheter.<\/p>\n<p>Myndighetsanst\u00e4llda har \u00e4ven mottagit en mall f\u00f6r automatiserade mejlsvar d\u00e4r det st\u00e5r att Demokraterna \u00e4r ansvariga f\u00f6r nedst\u00e4ngningen. <\/p>\n<p>Omni \u00e4r politiskt obundna och oberoende. Vi str\u00e4var efter att ge fler perspektiv p\u00e5 nyheterna. Har du fr\u00e5gor eller synpunkter kring v\u00e5r rapportering? <a href=\"https:\/\/omni.se\/myndigheter-skyller-nedstangningen-pa-demokraterna\/a\/mailto:redaktion@omni.se\" class=\"ArticleActions_contactLink__W2F1M\" rel=\"nofollow noopener\" target=\"_blank\">Kontakta redaktionen<\/a><\/p>\n","protected":false},"excerpt":{"rendered":"Federala myndigheter i USA skyller nedst\u00e4ngningen av delar av den amerikanska statsapparaten p\u00e5 Demokraterna, rapporterar flera medier. P\u00e5&hellip;\n","protected":false},"author":2,"featured_media":50749,"comment_status":"","ping_status":"","sticky":false,"template":"","format":"standard","meta":{"footnotes":""},"categories":[5],"tags":[387,22,23,385,1149,26,27,17,21,24,25,28,29,15,268,16,18,34,31,33,32,30,19,20,386,74],"class_list":{"0":"post-50748","1":"post","2":"type-post","3":"status-publish","4":"format-standard","5":"has-post-thumbnail","7":"category-rubriker","8":"tag-amerikansk-politik","9":"tag-breaking-news","10":"tag-breakingnews","11":"tag-donald-trump","12":"tag-faktaruta-omni","13":"tag-featured-news","14":"tag-featurednews","15":"tag-headlines","16":"tag-huvudnyheter","17":"tag-latest-news","18":"tag-latestnews","19":"tag-main-news","20":"tag-mainnews","21":"tag-news","22":"tag-nordamerika","23":"tag-nyheter","24":"tag-rubriker","25":"tag-se","26":"tag-svenska","27":"tag-sverige","28":"tag-sweden","29":"tag-swedish","30":"tag-top-stories","31":"tag-topstories","32":"tag-trumps-usa","33":"tag-usa"},"share_on_mastodon":{"url":"","error":""},"_links":{"self":[{"href":"https:\/\/www.europesays.com\/se\/wp-json\/wp\/v2\/posts\/50748","targetHints":{"allow":["GET"]}}],"collection":[{"href":"https:\/\/www.europesays.com\/se\/wp-json\/wp\/v2\/posts"}],"about":[{"href":"https:\/\/www.europesays.com\/se\/wp-json\/wp\/v2\/types\/post"}],"author":[{"embeddable":true,"href":"https:\/\/www.europesays.com\/se\/wp-json\/wp\/v2\/users\/2"}],"replies":[{"embeddable":true,"href":"https:\/\/www.europesays.com\/se\/wp-json\/wp\/v2\/comments?post=50748"}],"version-history":[{"count":0,"href":"https:\/\/www.europesays.com\/se\/wp-json\/wp\/v2\/posts\/50748\/revisions"}],"wp:featuredmedia":[{"embeddable":true,"href":"https:\/\/www.europesays.com\/se\/wp-json\/wp\/v2\/media\/50749"}],"wp:attachment":[{"href":"https:\/\/www.europesays.com\/se\/wp-json\/wp\/v2\/media?parent=50748"}],"wp:term":[{"taxonomy":"category","embeddable":true,"href":"https:\/\/www.europesays.com\/se\/wp-json\/wp\/v2\/categories?post=50748"},{"taxonomy":"post_tag","embeddable":true,"href":"https:\/\/www.europesays.com\/se\/wp-json\/wp\/v2\/tags?post=50748"}],"curies":[{"name":"wp","href":"https:\/\/api.w.org\/{rel}","templated":true}]}}