{"id":50756,"date":"2025-10-08T19:13:05","date_gmt":"2025-10-08T19:13:05","guid":{"rendered":"https:\/\/www.europesays.com\/se\/50756\/"},"modified":"2025-10-08T19:13:05","modified_gmt":"2025-10-08T19:13:05","slug":"rasistsang-sjongs-pa-muf-fest-i-goteborg-allvarligt-expressen","status":"publish","type":"post","link":"https:\/\/www.europesays.com\/se\/50756\/","title":{"rendered":"Rasists\u00e5ng sj\u00f6ngs p\u00e5 Muf-fest i G\u00f6teborg: \u201dAllvarligt\u201d &#8211; Expressen"},"content":{"rendered":"<ol>\n<li><a href=\"https:\/\/news.google.com\/rss\/articles\/CBMijgFBVV95cUxNeFJlUkVDclhyaVdZYzZ3QWlORXNqZkJvY19wbG50azFqOXdMUGFEdnk5X2g0d0JhLVhEN19VUmhuY3dUTWVmTzhzNG0wc0syOHl6QnF1ZVlGUUlkeGx1STZEWXNGYlJVbXhMQ2tSMmlYdnZ2MTdkUUFrUmQ0Wnphb3JYSlgwNllDUHJMeGF3?oc=5\" target=\"_blank\" rel=\"nofollow noopener\">Rasists\u00e5ng sj\u00f6ngs p\u00e5 Muf-fest i G\u00f6teborg: \u201dAllvarligt\u201d<\/a>&nbsp;&nbsp;Expressen<\/li>\n<li><a href=\"https:\/\/news.google.com\/rss\/articles\/CBMiqwFBVV95cUxNN2FMR0QxX2s5M1p3Z09LQjZXTTNMUlFiS0Fvb1MwT3BYb1JiejV4d2ZjS0J1UG1SRVNGMmhrd19GTFA3U25ScVBLTW5INEdKVWg4TDVNT2JDM01lOHJTSmVITGRyRGxlX296ckZOUFpoX3J3XzFpQU1QMldzaFZkVWZRbXBZWXRsN1BJaDI4cURucTUwdTNZN0diQkFVVHIwTGM5LVFBZGNSaVE?oc=5\" target=\"_blank\" rel=\"nofollow noopener\">Rasistisk s\u00e5ng sj\u00f6ngs p\u00e5 MUF-fest i G\u00f6teborg \u2013 kritik fr\u00e5n Gr\u00f6n Ungdom<\/a>&nbsp;&nbsp;SVT Nyheter<\/li>\n<li><a href=\"https:\/\/news.google.com\/rss\/articles\/CBMimgFBVV95cUxPeU8wRmdFUnNhUU03dTY4YmhpYUdRU0lYeHJEcU81RjZZdDh3RGZIYU5kVGlZYUZsLU1ONDgyVHE2UDlyX0tfRHhEc3NLTlgyWUZzZDBYRmw3aXdnV2FDaHNTRWJxWl9BWC0tVy04czFkX043S3lOTmd5RExuZ3VYSzBzekl5eDVZSkxSUkNjb1owSG5DMjJnUUNB?oc=5\" target=\"_blank\" rel=\"nofollow noopener\">Debatt: Enorm glidning n\u00e4r nazi-romantiserande letar sig in p\u00e5 en Muf-fest<\/a>&nbsp;&nbsp;ETC.se<\/li>\n<li><a href=\"https:\/\/news.google.com\/rss\/articles\/CBMikgFBVV95cUxQWjQ1cTZSTzcwM1ZyanRQTHhLM0VrcDZFSWI2WXgtMXR0RWtlUnh4UnhUcTN0SmlpSjZ0c0VkbzVPTXdOcWNFaEhqYUh2U0R2czY1Um14cXRSZF81Y0gxTjc4cnd1N05scWFpeEphZFZESHJmbW1UX29ya1hyYlZ0Y1ZrdXNLWTFCbHhSVTFJdHhEUQ?oc=5\" target=\"_blank\" rel=\"nofollow noopener\">Rasistisk l\u00e5t sj\u00f6ngs p\u00e5 Muf-sittning \u2013 utreds<\/a>&nbsp;&nbsp;Aftonbladet<\/li>\n<li><a href=\"https:\/\/news.google.com\/rss\/articles\/CBMiigFBVV95cUxPZExEdUt5bi1DYzF5WUlKZjlEZDc0aXBTZW4zbVJyS1ViVm9DVTY2N3FWcDFGeHF0bHlaVG5tME0wOG5KLV9YTUdEZ0l6OVdndmZERm5scjdZMUtwNWRlN0ZvM3Ywb0RkbDlrZkNKSmc4TzI2WmlHY3c5UmFrRXNFREZmXzJSbFc0U0E?oc=5\" target=\"_blank\" rel=\"nofollow noopener\">Rasistisk s\u00e5ng sj\u00f6ngs p\u00e5 Muf-fest i G\u00f6teborg: \u201dAllvarligt\u201d<\/a>&nbsp;&nbsp;DN<\/li>\n<\/ol>\n","protected":false},"excerpt":{"rendered":"Rasists\u00e5ng sj\u00f6ngs p\u00e5 Muf-fest i G\u00f6teborg: \u201dAllvarligt\u201d&nbsp;&nbsp;Expressen Rasistisk s\u00e5ng sj\u00f6ngs p\u00e5 MUF-fest i G\u00f6teborg \u2013 kritik fr\u00e5n Gr\u00f6n&hellip;\n","protected":false},"author":2,"featured_media":50757,"comment_status":"","ping_status":"","sticky":false,"template":"","format":"standard","meta":{"footnotes":""},"categories":[12],"tags":[22,23,26,27,17,21,24,25,28,29,15,16,5016,18,34,583,31,33,32,30,19,20],"class_list":{"0":"post-50756","1":"post","2":"type-post","3":"status-publish","4":"format-standard","5":"has-post-thumbnail","7":"category-sverige","8":"tag-breaking-news","9":"tag-breakingnews","10":"tag-featured-news","11":"tag-featurednews","12":"tag-headlines","13":"tag-huvudnyheter","14":"tag-latest-news","15":"tag-latestnews","16":"tag-main-news","17":"tag-mainnews","18":"tag-news","19":"tag-nyheter","20":"tag-organization-moderata-ungdomsforbundet","21":"tag-rubriker","22":"tag-se","23":"tag-sections-politik","24":"tag-svenska","25":"tag-sverige","26":"tag-sweden","27":"tag-swedish","28":"tag-top-stories","29":"tag-topstories"},"share_on_mastodon":{"url":"","error":""},"_links":{"self":[{"href":"https:\/\/www.europesays.com\/se\/wp-json\/wp\/v2\/posts\/50756","targetHints":{"allow":["GET"]}}],"collection":[{"href":"https:\/\/www.europesays.com\/se\/wp-json\/wp\/v2\/posts"}],"about":[{"href":"https:\/\/www.europesays.com\/se\/wp-json\/wp\/v2\/types\/post"}],"author":[{"embeddable":true,"href":"https:\/\/www.europesays.com\/se\/wp-json\/wp\/v2\/users\/2"}],"replies":[{"embeddable":true,"href":"https:\/\/www.europesays.com\/se\/wp-json\/wp\/v2\/comments?post=50756"}],"version-history":[{"count":0,"href":"https:\/\/www.europesays.com\/se\/wp-json\/wp\/v2\/posts\/50756\/revisions"}],"wp:featuredmedia":[{"embeddable":true,"href":"https:\/\/www.europesays.com\/se\/wp-json\/wp\/v2\/media\/50757"}],"wp:attachment":[{"href":"https:\/\/www.europesays.com\/se\/wp-json\/wp\/v2\/media?parent=50756"}],"wp:term":[{"taxonomy":"category","embeddable":true,"href":"https:\/\/www.europesays.com\/se\/wp-json\/wp\/v2\/categories?post=50756"},{"taxonomy":"post_tag","embeddable":true,"href":"https:\/\/www.europesays.com\/se\/wp-json\/wp\/v2\/tags?post=50756"}],"curies":[{"name":"wp","href":"https:\/\/api.w.org\/{rel}","templated":true}]}}