{"id":50773,"date":"2025-10-08T19:46:13","date_gmt":"2025-10-08T19:46:13","guid":{"rendered":"https:\/\/www.europesays.com\/se\/50773\/"},"modified":"2025-10-08T19:46:13","modified_gmt":"2025-10-08T19:46:13","slug":"cancerfondens-kampanj-togs-ner-av-facebook","status":"publish","type":"post","link":"https:\/\/www.europesays.com\/se\/50773\/","title":{"rendered":"Cancerfondens kampanj togs ner av Facebook"},"content":{"rendered":"<p>Publicerad 8 okt 2025 kl 19.27<\/p>\n<p>\u201dHar du blivit kallad till mammografi? G\u00e5 dit\u201d l\u00f6d annonsen som nu stoppats av Facebook.<\/p>\n<p>De menar att den bryter mot deras regler.\u00a0<\/p>\n<p>\u2013 Screening \u00e4r n\u00e5got som r\u00e4ddar liv, s\u00e4ger Henrik Lysell till <a href=\"https:\/\/www.sverigesradio.se\/artikel\/cancerfondens-kampanj-om-mammografi-stoppas-pa-facebook-handlar-om-liv-eller-dod\" rel=\"nofollow noopener\" target=\"_blank\">Sveriges radio<\/a>, enhetschef p\u00e5 Cancerfonden som \u00e4r kritisk till beslutet.<\/p>\n<p>Senaste nyhetsklippen fr\u00e5n Expressen.<img   alt=\"\"\/><\/p>\n<p>Cancerfondens kampanj som uppmanade kvinnor att g\u00e5 p\u00e5 sin mammografi har blivit bortplockad av Facebook.<\/p>\n<p>Foto: Christine Olsson \/ TT NYHETSBYR\u00c5N<\/p>\n<p>\u00d6ppna bild i helsk\u00e4rm<img loading=\"lazy\"   alt=\"\"\/><\/p>\n<p>Facebook menar att kampanjen bryter mot deras regler.<\/p>\n<p>Foto: RADECKA\/NURPHOTO\/SHUTTERSTOCK \/ SHUTTERSTOCK EDITORIAL\/IBL<\/p>\n<p>\u00d6ppna bild i helsk\u00e4rm<\/p>\n<p>Cancerfondens kampanj p\u00e5 Facebook d\u00e4r man uppmanar kvinnor att inte missa sin mammografi har stoppats, rapporterar <a href=\"https:\/\/www.sverigesradio.se\/artikel\/cancerfondens-kampanj-om-mammografi-stoppas-pa-facebook-handlar-om-liv-eller-dod\" rel=\"nofollow noopener\" target=\"_blank\">Sveriges radio<\/a>.<\/p>\n<p>I annonsen stod det \u201dHar du blivit kallad till mammografi? G\u00e5 dit\u201d och under tisdagen tog Meta, som \u00e4ger <a href=\"https:\/\/www.expressen.se\/tagg\/organization\/facebook\/\" class=\"\" rel=\"nofollow noopener\" target=\"_blank\">Facebook<\/a>, bort annonsen.\u00a0<\/p>\n<p>I samband med att kampanjen blev borttagen fick Cancerfonden \u00e4ven ett meddelande fr\u00e5n Meta:<\/p>\n<p>\u201dDet verkar som att du k\u00f6r en annons i Europeiska unionen om sociala fr\u00e5gor, val eller politik. Det h\u00e4r bryter mot v\u00e5ra regler.\u201d<\/p>\n<p>Artikeln i korthet<\/p>\n<p> Cancerfondens annons om mammografi stoppades av Facebook.<\/p>\n<p> Meta h\u00e4nvisar till nya EU-regler om politiskt inneh\u00e5ll.<\/p>\n<p> Cancerfonden varnar att beslutet kan f\u00e5 livsavg\u00f6rande konsekvenser.<\/p>\n<p>Visa mer\u201dOpolitisk fr\u00e5ga\u201d<\/p>\n<p>Henrik Lysell, enhetschef p\u00e5 Cancerfonden, \u00e4r kritisk till beslutet och menar att Facebook \u00e4r en viktig kanal d\u00e4r de n\u00e5r ut till m\u00e4nniskor de annars inte n\u00e5r ut till.\u00a0<\/p>\n<p>\u2013 Att man rekommenderar br\u00f6stcancer-screening, \u00e4r ju tv\u00e4rtom en v\u00e4ldigt opolitisk fr\u00e5ga. Screening \u00e4r n\u00e5got som r\u00e4ddar liv, d\u00e4rf\u00f6r att man uppt\u00e4cker cancer tidigare, s\u00e4ger Henrik Lysell till Sveriges radio.\u00a0<\/p>\n<p>Meta har <a href=\"https:\/\/www.expressen.se\/nyheter\/sverige\/inga-fler-politiska-annonser-pa-facebook-och-instagram\/\" rel=\"nofollow noopener\" target=\"_blank\">sedan tidigare i \u00e5r f\u00f6rbjudit<\/a> all reklam med politiskt inneh\u00e5ll eller som r\u00f6r sociala fr\u00e5gor. I veckan tr\u00e4der \u00e4ven en ny EU-f\u00f6rordning i kraft som st\u00e4ller h\u00f6gre krav p\u00e5 transparens kring politiska annonser. Meta menar att med det nya regelverket \u00e4r det f\u00f6r kr\u00e5ngligt och komplext f\u00f6r att f\u00f6retaget ska kunna tillhandah\u00e5lla politiska annonser.\u00a0<\/p>\n<p>\u201dLiv och d\u00f6d\u201d<\/p>\n<p>Att Cancerfonden inte l\u00e4ngre kan annonsera om mammografi blir i slut\u00e4ndan en fr\u00e5ga om \u201dliv och d\u00f6d\u201d menar Henrik Lysell till Sveriges radio.\u00a0<\/p>\n<p>\u2013 Att vi inte n\u00e5r dem leder ocks\u00e5 till att man inte g\u00e5r p\u00e5 den screeningen som \u00e4r rekommenderad, s\u00e5 skulle det potentiellt kunna inneb\u00e4ra att en cancer uppt\u00e4ckts i s\u00e5dant sent skede s\u00e5 att den inte l\u00e4ngre \u00e4r botbar och kommer att leda till d\u00f6den, s\u00e4ger han.\u00a0<\/p>\n<p><strong>L\u00c4S MER: <\/strong><a href=\"https:\/\/www.expressen.se\/nyheter\/varlden\/porrstjarna-vinner-mot-meta\/\" class=\"\" rel=\"nofollow noopener\" target=\"_blank\">Porrstj\u00e4rna vinner mot  Mark Zuckerbergs Meta<\/a><\/p>\n","protected":false},"excerpt":{"rendered":"Publicerad 8 okt 2025 kl 19.27 \u201dHar du blivit kallad till mammografi? G\u00e5 dit\u201d l\u00f6d annonsen som nu&hellip;\n","protected":false},"author":2,"featured_media":50774,"comment_status":"","ping_status":"","sticky":false,"template":"","format":"standard","meta":{"footnotes":""},"categories":[5],"tags":[22,23,26,27,17,21,24,25,28,29,15,16,5022,760,18,34,154,31,33,32,30,19,20],"class_list":{"0":"post-50773","1":"post","2":"type-post","3":"status-publish","4":"format-standard","5":"has-post-thumbnail","7":"category-rubriker","8":"tag-breaking-news","9":"tag-breakingnews","10":"tag-featured-news","11":"tag-featurednews","12":"tag-headlines","13":"tag-huvudnyheter","14":"tag-latest-news","15":"tag-latestnews","16":"tag-main-news","17":"tag-mainnews","18":"tag-news","19":"tag-nyheter","20":"tag-organization-cancerfonden","21":"tag-organization-facebook","22":"tag-rubriker","23":"tag-se","24":"tag-sections-sverige","25":"tag-svenska","26":"tag-sverige","27":"tag-sweden","28":"tag-swedish","29":"tag-top-stories","30":"tag-topstories"},"share_on_mastodon":{"url":"","error":""},"_links":{"self":[{"href":"https:\/\/www.europesays.com\/se\/wp-json\/wp\/v2\/posts\/50773","targetHints":{"allow":["GET"]}}],"collection":[{"href":"https:\/\/www.europesays.com\/se\/wp-json\/wp\/v2\/posts"}],"about":[{"href":"https:\/\/www.europesays.com\/se\/wp-json\/wp\/v2\/types\/post"}],"author":[{"embeddable":true,"href":"https:\/\/www.europesays.com\/se\/wp-json\/wp\/v2\/users\/2"}],"replies":[{"embeddable":true,"href":"https:\/\/www.europesays.com\/se\/wp-json\/wp\/v2\/comments?post=50773"}],"version-history":[{"count":0,"href":"https:\/\/www.europesays.com\/se\/wp-json\/wp\/v2\/posts\/50773\/revisions"}],"wp:featuredmedia":[{"embeddable":true,"href":"https:\/\/www.europesays.com\/se\/wp-json\/wp\/v2\/media\/50774"}],"wp:attachment":[{"href":"https:\/\/www.europesays.com\/se\/wp-json\/wp\/v2\/media?parent=50773"}],"wp:term":[{"taxonomy":"category","embeddable":true,"href":"https:\/\/www.europesays.com\/se\/wp-json\/wp\/v2\/categories?post=50773"},{"taxonomy":"post_tag","embeddable":true,"href":"https:\/\/www.europesays.com\/se\/wp-json\/wp\/v2\/tags?post=50773"}],"curies":[{"name":"wp","href":"https:\/\/api.w.org\/{rel}","templated":true}]}}