{"id":50779,"date":"2025-10-08T19:54:17","date_gmt":"2025-10-08T19:54:17","guid":{"rendered":"https:\/\/www.europesays.com\/se\/50779\/"},"modified":"2025-10-08T19:54:17","modified_gmt":"2025-10-08T19:54:17","slug":"stoppa-vegokorv-fran-att-kallas-korv","status":"publish","type":"post","link":"https:\/\/www.europesays.com\/se\/50779\/","title":{"rendered":"Stoppa vegokorv fr\u00e5n att kallas korv"},"content":{"rendered":"<p>Publicerad 8 okt 2025 kl 11.30Uppdaterad kl 15.30<\/p>\n<p>Stopp f\u00f6r att kalla vegoburgare f\u00f6r burgare.<\/p>\n<p>Det \u00e4r en del i ett f\u00f6rslag som EU-parlamentet p\u00e5 onsdagen r\u00f6stat igenom.<\/p>\n<p>\u2013 Man vet inte om man ska skratta eller gr\u00e5ta, s\u00e4ger EU-parlamentarikern Emma Wiesner (C).<\/p>\n<p><img   alt=\"\"\/><\/p>\n<p>Svenska EU-parlamentarikern Emma Wiesner (C).<\/p>\n<p>Foto: VIKTORIA BANK \/ TT NYHETSBYR\u00c5N<\/p>\n<p>\u00d6ppna bild i helsk\u00e4rm<img loading=\"lazy\"   alt=\"\"\/><\/p>\n<p>Ska vegokorv f\u00e5 kallas f\u00f6r \u201dkorv\u201d? Den fr\u00e5gan \u00e4r uppe p\u00e5 tapeten i EU.<\/p>\n<p>Foto: Hagen, Fredrik \/ TT NYHETSBYR\u00c5N<\/p>\n<p>\u00d6ppna bild i helsk\u00e4rm<img loading=\"lazy\"   alt=\"\"\/><\/p>\n<p>Att v\u00e4xtbaserad korv inte skulle f\u00e5 kallas f\u00f6r just korv uppr\u00f6r svenska EU-parlamentariker.<\/p>\n<p>Foto: Mickan M\u00f6rk\/TT \/ TT NYHETSBYR\u00c5N<\/p>\n<p>\u00d6ppna bild i helsk\u00e4rm<\/p>\n<p>I grunden handlade f\u00f6rslaget om \u00e5tg\u00e4rder som ska underl\u00e4tta f\u00f6r unionens b\u00f6nder. Men det som blivit en stridsfr\u00e5ga \u00e4r vegetariska korvar, hamburgare och biffar.<\/p>\n<p>Vid lunchtid skedde omr\u00f6stningen i <a href=\"https:\/\/www.expressen.se\/tagg\/organization\/eu-parlamentet\/\" class=\"\" rel=\"nofollow noopener\" target=\"_blank\">EU-parlamentet<\/a>, som sa ja till att f\u00f6rbjuda vegoprodukter fr\u00e5n att kallas till exempel korv om de inte inneh\u00e5ller k\u00f6tt.<\/p>\n<p>Centerns EU-parlamentariker Emma Wiesner ger inte mycket f\u00f6r argumentet att det skulle bli tydligare f\u00f6r konsumenterna om begrepp som \u201dkorv\u201d stoppas.<\/p>\n<p>\u2013 Jag tror att det \u00e4r skitsnack. Det \u00e4r ingen som har blivit lurad av n\u00e5gon vegokorv bara f\u00f6r att det heter korv eller burgare, s\u00e4ger hon.<\/p>\n<p>Hela saken \u00e4r f\u00e5nig, anser hon.<\/p>\n<p>\u2013 Det h\u00e4r \u00e4r inte det vi fokuserar och l\u00e4gger majoriteten av v\u00e5r tid p\u00e5 Jag v\u00e4grar b\u00f6rja s\u00e4ga att det \u00e4r en cylinder av korvkarakt\u00e4r, det f\u00e5r vara nog med det h\u00e4r tramset.<\/p>\n<p>\u201dOseri\u00f6s diskussion\u201d<\/p>\n<p>Ocks\u00e5 Milj\u00f6partiets parlamentariker P\u00e4r Holmgren \u00e4r kritisk. Han anser att det blir en kulturkrigsfr\u00e5ga, n\u00e4r man i st\u00e4llet skulle beh\u00f6va diskutera hur b\u00f6nderna kan bli fler och f\u00e5 b\u00e4ttre betalt f\u00f6r sina produkter.<\/p>\n<p>\u2013 Det blir en oseri\u00f6s diskussion om att l\u00e4gga ett f\u00f6rbud p\u00e5 tv\u00e5 begrepp som redan \u00e4r s\u00e5 f\u00f6rankrade i v\u00e5rt samh\u00e4lle som vegoburgare och vegokorv, s\u00e4ger han.<\/p>\n<p>Efter beslutet s\u00e4ger han:<\/p>\n<p>\u2013 \u00c4r det pajig EU-satir? Nej, tyv\u00e4rr \u00e4r det EU-parlamentet fr\u00e5n sin s\u00e4msta sida. Nu \u00e4r fr\u00e5gan hur regeringen och Kullgren kommer att agera i f\u00f6rhandlingarna.<\/p>\n<p>Saken ger fel bild av EU, menar P\u00e4r Holmgren.<\/p>\n<p>\u2013 Jag vet att det inte \u00e4r det h\u00e4r vi jobbar med egentligen. Men f\u00f6r den som l\u00e4ser din artikel, och kanske minns diskussionen 2020, kan tro att det \u00e4r det h\u00e4r vi h\u00e5ller p\u00e5 med.<\/p>\n<p>Trots den h\u00e5rda kritiken r\u00f6stade MP ja till f\u00f6rslaget.<\/p>\n<p>\u2013 Det \u00e4r f\u00f6r att \u00e5terigen betona att det h\u00e4r handlar inte om vad hamburgare och korvar ska heta, utan det h\u00e4r handlar om att f\u00f6rst\u00e4rka b\u00f6ndernas situation. Att de f\u00e5r b\u00e4ttre betalt f\u00f6r det de producerar, s\u00e4ger P\u00e4r Holmgren.<\/p>\n<p>Trots den h\u00e5rda kritiken r\u00f6stade MP ja till f\u00f6rslaget. Detta eftersom andra delar, som att b\u00f6nder ska f\u00e5 b\u00e4ttre betalt,\u00a0<\/p>\n<p>\u00c4ven om parlamentet nu sagt ja blir det inget omedelbart f\u00f6rbud f\u00f6r namnen. Det \u00e5terst\u00e5r f\u00f6rhandlingar med medlemsl\u00e4nderna innan det slutligen kan bli en klubbad lag.<\/p>\n","protected":false},"excerpt":{"rendered":"Publicerad 8 okt 2025 kl 11.30Uppdaterad kl 15.30 Stopp f\u00f6r att kalla vegoburgare f\u00f6r burgare. Det \u00e4r en&hellip;\n","protected":false},"author":2,"featured_media":50780,"comment_status":"","ping_status":"","sticky":false,"template":"","format":"standard","meta":{"footnotes":""},"categories":[5],"tags":[22,23,26,27,17,21,24,25,28,29,15,16,5023,5024,5025,18,34,583,31,33,32,30,19,973,5026,20],"class_list":{"0":"post-50779","1":"post","2":"type-post","3":"status-publish","4":"format-standard","5":"has-post-thumbnail","7":"category-rubriker","8":"tag-breaking-news","9":"tag-breakingnews","10":"tag-featured-news","11":"tag-featurednews","12":"tag-headlines","13":"tag-huvudnyheter","14":"tag-latest-news","15":"tag-latestnews","16":"tag-main-news","17":"tag-mainnews","18":"tag-news","19":"tag-nyheter","20":"tag-organization-eu-parlamentet","21":"tag-person-emma-wiesner","22":"tag-person-par-holmgren","23":"tag-rubriker","24":"tag-se","25":"tag-sections-politik","26":"tag-svenska","27":"tag-sverige","28":"tag-sweden","29":"tag-swedish","30":"tag-top-stories","31":"tag-topic-eu-fragor","32":"tag-topic-vegatarisk-mat","33":"tag-topstories"},"share_on_mastodon":{"url":"","error":""},"_links":{"self":[{"href":"https:\/\/www.europesays.com\/se\/wp-json\/wp\/v2\/posts\/50779","targetHints":{"allow":["GET"]}}],"collection":[{"href":"https:\/\/www.europesays.com\/se\/wp-json\/wp\/v2\/posts"}],"about":[{"href":"https:\/\/www.europesays.com\/se\/wp-json\/wp\/v2\/types\/post"}],"author":[{"embeddable":true,"href":"https:\/\/www.europesays.com\/se\/wp-json\/wp\/v2\/users\/2"}],"replies":[{"embeddable":true,"href":"https:\/\/www.europesays.com\/se\/wp-json\/wp\/v2\/comments?post=50779"}],"version-history":[{"count":0,"href":"https:\/\/www.europesays.com\/se\/wp-json\/wp\/v2\/posts\/50779\/revisions"}],"wp:featuredmedia":[{"embeddable":true,"href":"https:\/\/www.europesays.com\/se\/wp-json\/wp\/v2\/media\/50780"}],"wp:attachment":[{"href":"https:\/\/www.europesays.com\/se\/wp-json\/wp\/v2\/media?parent=50779"}],"wp:term":[{"taxonomy":"category","embeddable":true,"href":"https:\/\/www.europesays.com\/se\/wp-json\/wp\/v2\/categories?post=50779"},{"taxonomy":"post_tag","embeddable":true,"href":"https:\/\/www.europesays.com\/se\/wp-json\/wp\/v2\/tags?post=50779"}],"curies":[{"name":"wp","href":"https:\/\/api.w.org\/{rel}","templated":true}]}}