{"id":50781,"date":"2025-10-08T19:56:15","date_gmt":"2025-10-08T19:56:15","guid":{"rendered":"https:\/\/www.europesays.com\/se\/50781\/"},"modified":"2025-10-08T19:56:15","modified_gmt":"2025-10-08T19:56:15","slug":"blomqvists-ilska-avbrot-hv71s-traning","status":"publish","type":"post","link":"https:\/\/www.europesays.com\/se\/50781\/","title":{"rendered":"Blomqvists ilska: Avbr\u00f6t HV71:s tr\u00e4ning"},"content":{"rendered":"<p><strong>Under onsdagen f\u00f6rberedde sig <a href=\"https:\/\/hockeysverige.se\/klubb\/hv71\/\" rel=\"nofollow noopener\" target=\"_blank\">HV71<\/a> inf\u00f6r ett viktigt m\u00f6te med Lule\u00e5. D\u00e5 avbr\u00f6t Anton Blomqvist pl\u00f6tsligt tr\u00e4ningen f\u00f6r att ryta ifr\u00e5n. <\/strong><br \/><strong>\u201dWhere is the fucking mindset?\u201d, h\u00f6rdes fr\u00e5n huvudtr\u00e4naren, enligt <a href=\"https:\/\/www.jp.se\/2025-10-08\/blomqvist-om-harda-orden-vi-behover-bestamma-oss\/\" rel=\"nofollow noopener\" target=\"_blank\">J\u00f6nk\u00f6pings-Posten. <\/a><\/strong><\/p>\n<p><img loading=\"lazy\" decoding=\"async\" width=\"1024\" height=\"658\" src=\"https:\/\/www.europesays.com\/se\/wp-content\/uploads\/2025\/10\/Blomqvist-1024x658.webp.webp\" alt=\"\" class=\"wp-image-311237\" style=\"width:1288px;height:auto\"  \/>Anton Blomqvist. <strong>Foto:<\/strong> Bildbyr\u00e5n\/Carl Sandin (montage).<\/p>\n<p>\u00c4ven om segrar mot b\u00e5de Leksand och F\u00e4rjestad stabiliserat saker och ting lite grann \u00e4r det fortsatt pressat i HV71. <a href=\"https:\/\/hockeysverige.se\/shl\/\" rel=\"nofollow noopener\" target=\"_blank\">SHL<\/a>-jumbon har inte tagit po\u00e4ng i n\u00e5gra andra matcher i inledningen och st\u00e5r nu inf\u00f6r en bortaresa till b\u00e5de Norrbotten och V\u00e4sterbotten. En resa som kommer att g\u00f6ras med h\u00e5rda ord f\u00e4rskt i minnet. <\/p>\n<p>Efter onsdagens tr\u00e4ning i Husqvarna Garden rapporterar n\u00e4mligen J\u00f6nk\u00f6pings-Posten att huvudtr\u00e4naren Anton Blomqvist rutit ifr\u00e5n rej\u00e4lt. <\/p>\n<p>35-\u00e5ringen ska ha varit missn\u00f6jd med sina spelare och kallat samtliga till sig genom att b\u00e5de kasta iv\u00e4g sin klubba och bl\u00e5sa ordentligt i visselpipan. \u201dWhere is the fucking mindset?\u201d, var sedan orden som tydligt h\u00f6rdes n\u00e4r \u201dBlomman\u201d b\u00f6rjade f\u00f6rklara, rapporterar tidningen. <\/p>\n<p>N\u00e4r tr\u00e4naren hunnit lugna sig utvecklar han f\u00f6r JP. <\/p>\n<p>\u2013 N\u00e5gonstans beh\u00f6ver vi best\u00e4mma oss f\u00f6r hur vi ska agera i vissa situationer. Vi har pratat om det l\u00e4nge nu. Det \u00e4r mycket som \u00e4r bra, men sedan \u00e4r det n\u00e5gra f\u00e5 saker som beh\u00f6ver bli v\u00e4ldigt mycket b\u00e4ttre och det beh\u00f6ver bli b\u00e4ttre nu, s\u00e4ger han. <\/p>\n<p>Olle Alsing: \u201dVi vet var m\u00e5len g\u00f6rs\u201d<\/p>\n<p>Lagkaptenen Olle Alsing ger sedan \u00e4ven sin version. <\/p>\n<p>\u2013 Att vi m\u00e5ste f\u00e5 in mer folk p\u00e5 m\u00e5l (det Blomqvist ville f\u00f6rmedla). Vi vet var m\u00e5len g\u00f6rs och det \u00e4r oftast framf\u00f6r m\u00e5l och d\u00e5 beh\u00f6ver man vara d\u00e4r, d\u00e5 kan man inte st\u00e5 kring sargerna eller i h\u00f6rnet. In med gubbar framf\u00f6r m\u00e5l och s\u00e5 kan vi backar skjuta lite mer ocks\u00e5, s\u00e4ger han till JP. <\/p>\n<p>\u00c4ven Lule\u00e5, som v\u00e4ntar under torsdagens omg\u00e5ng, har g\u00e5tt tungt 2025\/26. De regerande m\u00e4starna har endast plockat nio po\u00e4ng p\u00e5 nio omg\u00e5ngar och kan d\u00e4rmed bli neddragna i en kvalkamp om HV71 vinner. D\u00e4remellan finns \u00e4ven \u00d6rebro och Link\u00f6ping. <\/p>\n<p> Source: <a href=\"https:\/\/www.eliteprospects.com\/league\/shl\" target=\"_blank\" rel=\"noopener noreferrer nofollow\">SHL League Page<\/a> @ Elite Prospects<\/p>\n","protected":false},"excerpt":{"rendered":"Under onsdagen f\u00f6rberedde sig HV71 inf\u00f6r ett viktigt m\u00f6te med Lule\u00e5. D\u00e5 avbr\u00f6t Anton Blomqvist pl\u00f6tsligt tr\u00e4ningen f\u00f6r&hellip;\n","protected":false},"author":2,"featured_media":50782,"comment_status":"","ping_status":"","sticky":false,"template":"","format":"standard","meta":{"footnotes":""},"categories":[68],"tags":[34,133,134,111,110,31,33,32,30],"class_list":{"0":"post-50781","1":"post","2":"type-post","3":"status-publish","4":"format-standard","5":"has-post-thumbnail","7":"category-sport","8":"tag-se","9":"tag-second-news","10":"tag-shl","11":"tag-sport","12":"tag-sports","13":"tag-svenska","14":"tag-sverige","15":"tag-sweden","16":"tag-swedish"},"share_on_mastodon":{"url":"","error":""},"_links":{"self":[{"href":"https:\/\/www.europesays.com\/se\/wp-json\/wp\/v2\/posts\/50781","targetHints":{"allow":["GET"]}}],"collection":[{"href":"https:\/\/www.europesays.com\/se\/wp-json\/wp\/v2\/posts"}],"about":[{"href":"https:\/\/www.europesays.com\/se\/wp-json\/wp\/v2\/types\/post"}],"author":[{"embeddable":true,"href":"https:\/\/www.europesays.com\/se\/wp-json\/wp\/v2\/users\/2"}],"replies":[{"embeddable":true,"href":"https:\/\/www.europesays.com\/se\/wp-json\/wp\/v2\/comments?post=50781"}],"version-history":[{"count":0,"href":"https:\/\/www.europesays.com\/se\/wp-json\/wp\/v2\/posts\/50781\/revisions"}],"wp:featuredmedia":[{"embeddable":true,"href":"https:\/\/www.europesays.com\/se\/wp-json\/wp\/v2\/media\/50782"}],"wp:attachment":[{"href":"https:\/\/www.europesays.com\/se\/wp-json\/wp\/v2\/media?parent=50781"}],"wp:term":[{"taxonomy":"category","embeddable":true,"href":"https:\/\/www.europesays.com\/se\/wp-json\/wp\/v2\/categories?post=50781"},{"taxonomy":"post_tag","embeddable":true,"href":"https:\/\/www.europesays.com\/se\/wp-json\/wp\/v2\/tags?post=50781"}],"curies":[{"name":"wp","href":"https:\/\/api.w.org\/{rel}","templated":true}]}}