{"id":50793,"date":"2025-10-08T20:08:06","date_gmt":"2025-10-08T20:08:06","guid":{"rendered":"https:\/\/www.europesays.com\/se\/50793\/"},"modified":"2025-10-08T20:08:06","modified_gmt":"2025-10-08T20:08:06","slug":"ett-avtal-ar-nara-jag-ar-redo-att-aka-dit","status":"publish","type":"post","link":"https:\/\/www.europesays.com\/se\/50793\/","title":{"rendered":"Ett avtal \u00e4r n\u00e4ra \u2013 jag \u00e4r redo att \u00e5ka dit"},"content":{"rendered":"<p>Donald Trump s\u00e4ger ett avtal mellan Israel och Hamas \u00e4r \u201dv\u00e4ldigt n\u00e4ra\u201d. Presidenten s\u00e4ger sig vara redo att \u00e5ka till Mellan\u00f6stern senare i veckan. <\/p>\n<p>\u2013 Kanske p\u00e5 s\u00f6ndag. Vi f\u00e5r se. F\u00f6rhandlingarna g\u00e5r v\u00e4ldigt bra, s\u00e4ger han p\u00e5 en presskonferens. <\/p>\n<p>En amerikansk delegation \u00e4r just nu p\u00e5 plats i Egypten d\u00e4r parterna tillsammans med medlare fr\u00e5n bland annat Qatar och Turkiet diskuterar formerna f\u00f6r fred i Gaza och frigivning av gisslan. B\u00e5da sidor har uttryckt sig positivt om den amerikanske presidentens fredsplan p\u00e5 20 punkter. <\/p>\n<p>Flera medier har under onsdagskv\u00e4llen rapporterat att ett avtal kan n\u00e5s inom de kommande dagarna. <\/p>\n<p>Omni \u00e4r politiskt obundna och oberoende. Vi str\u00e4var efter att ge fler perspektiv p\u00e5 nyheterna. Har du fr\u00e5gor eller synpunkter kring v\u00e5r rapportering? <a href=\"https:\/\/omni.se\/trump-ett-avtal-ar-nara-jag-ar-redo-att-aka-dit\/a\/mailto:redaktion@omni.se\" class=\"ArticleActions_contactLink__W2F1M\" rel=\"nofollow noopener\" target=\"_blank\">Kontakta redaktionen<\/a><\/p>\n","protected":false},"excerpt":{"rendered":"Donald Trump s\u00e4ger ett avtal mellan Israel och Hamas \u00e4r \u201dv\u00e4ldigt n\u00e4ra\u201d. Presidenten s\u00e4ger sig vara redo att&hellip;\n","protected":false},"author":2,"featured_media":50794,"comment_status":"","ping_status":"","sticky":false,"template":"","format":"standard","meta":{"footnotes":""},"categories":[14],"tags":[22,23,385,26,27,121,122,17,21,342,24,25,28,29,124,125,15,16,1488,18,34,31,33,32,30,19,20,1672,51,52,53,54],"class_list":{"0":"post-50793","1":"post","2":"type-post","3":"status-publish","4":"format-standard","5":"has-post-thumbnail","7":"category-varlden","8":"tag-breaking-news","9":"tag-breakingnews","10":"tag-donald-trump","11":"tag-featured-news","12":"tag-featurednews","13":"tag-gaza","14":"tag-hamas","15":"tag-headlines","16":"tag-huvudnyheter","17":"tag-israel","18":"tag-latest-news","19":"tag-latestnews","20":"tag-main-news","21":"tag-mainnews","22":"tag-mellanostern","23":"tag-mellanosternkrisen","24":"tag-news","25":"tag-nyheter","26":"tag-qatar","27":"tag-rubriker","28":"tag-se","29":"tag-svenska","30":"tag-sverige","31":"tag-sweden","32":"tag-swedish","33":"tag-top-stories","34":"tag-topstories","35":"tag-turkiet","36":"tag-varlden","37":"tag-world","38":"tag-world-news","39":"tag-worldnews"},"share_on_mastodon":{"url":"","error":""},"_links":{"self":[{"href":"https:\/\/www.europesays.com\/se\/wp-json\/wp\/v2\/posts\/50793","targetHints":{"allow":["GET"]}}],"collection":[{"href":"https:\/\/www.europesays.com\/se\/wp-json\/wp\/v2\/posts"}],"about":[{"href":"https:\/\/www.europesays.com\/se\/wp-json\/wp\/v2\/types\/post"}],"author":[{"embeddable":true,"href":"https:\/\/www.europesays.com\/se\/wp-json\/wp\/v2\/users\/2"}],"replies":[{"embeddable":true,"href":"https:\/\/www.europesays.com\/se\/wp-json\/wp\/v2\/comments?post=50793"}],"version-history":[{"count":0,"href":"https:\/\/www.europesays.com\/se\/wp-json\/wp\/v2\/posts\/50793\/revisions"}],"wp:featuredmedia":[{"embeddable":true,"href":"https:\/\/www.europesays.com\/se\/wp-json\/wp\/v2\/media\/50794"}],"wp:attachment":[{"href":"https:\/\/www.europesays.com\/se\/wp-json\/wp\/v2\/media?parent=50793"}],"wp:term":[{"taxonomy":"category","embeddable":true,"href":"https:\/\/www.europesays.com\/se\/wp-json\/wp\/v2\/categories?post=50793"},{"taxonomy":"post_tag","embeddable":true,"href":"https:\/\/www.europesays.com\/se\/wp-json\/wp\/v2\/tags?post=50793"}],"curies":[{"name":"wp","href":"https:\/\/api.w.org\/{rel}","templated":true}]}}