{"id":50800,"date":"2025-10-08T20:19:29","date_gmt":"2025-10-08T20:19:29","guid":{"rendered":"https:\/\/www.europesays.com\/se\/50800\/"},"modified":"2025-10-08T20:19:29","modified_gmt":"2025-10-08T20:19:29","slug":"dubbla-falsklarm-om-vald-pa-risbergska-i-orebro","status":"publish","type":"post","link":"https:\/\/www.europesays.com\/se\/50800\/","title":{"rendered":"Dubbla falsklarm om v\u00e5ld p\u00e5 Risbergska i \u00d6rebro"},"content":{"rendered":"<p>Tv\u00e5 larm om hot och v\u00e5ld p\u00e5 Risbergska skolan i \u00d6rebro gick ut under onsdagseftermiddagen, men b\u00e5da visade sig vara falska, rapporterar Nerikes Allehanda. Det konstaterades efter att in- och utrymning hade genomf\u00f6rts. <\/p>\n<p>Enligt tidningen kom larmen strax efter att det h\u00e5llits en minnesstund f\u00f6r personer som sk\u00f6ts ihj\u00e4l under masskjutningen p\u00e5 skolan i vintras. <\/p>\n<p>\u2013 M\u00e5nga har nerverna utanp\u00e5 kroppen efter det som har h\u00e4nt och det h\u00e4r drog ig\u00e5ng massor hos en del, s\u00e4ger en anonym person. <\/p>\n<p>Larmen gick ut under utbildning av kommunens s\u00e4kerhetsapp.<\/p>\n<p>Omni \u00e4r politiskt obundna och oberoende. Vi str\u00e4var efter att ge fler perspektiv p\u00e5 nyheterna. Har du fr\u00e5gor eller synpunkter kring v\u00e5r rapportering? <a href=\"https:\/\/omni.se\/dubbla-falsklarm-om-vald-pa-risbergska-i-orebro\/a\/mailto:redaktion@omni.se\" class=\"ArticleActions_contactLink__W2F1M\" rel=\"nofollow noopener\" target=\"_blank\">Kontakta redaktionen<\/a><\/p>\n","protected":false},"excerpt":{"rendered":"Tv\u00e5 larm om hot och v\u00e5ld p\u00e5 Risbergska skolan i \u00d6rebro gick ut under onsdagseftermiddagen, men b\u00e5da visade&hellip;\n","protected":false},"author":2,"featured_media":50801,"comment_status":"","ping_status":"","sticky":false,"template":"","format":"standard","meta":{"footnotes":""},"categories":[5],"tags":[22,23,26,27,17,21,24,25,28,29,15,16,1146,1147,18,34,1148,31,33,32,30,19,20],"class_list":{"0":"post-50800","1":"post","2":"type-post","3":"status-publish","4":"format-standard","5":"has-post-thumbnail","7":"category-rubriker","8":"tag-breaking-news","9":"tag-breakingnews","10":"tag-featured-news","11":"tag-featurednews","12":"tag-headlines","13":"tag-huvudnyheter","14":"tag-latest-news","15":"tag-latestnews","16":"tag-main-news","17":"tag-mainnews","18":"tag-news","19":"tag-nyheter","20":"tag-orebro","21":"tag-orebro-lan","22":"tag-rubriker","23":"tag-se","24":"tag-skoldadet-i-orebro","25":"tag-svenska","26":"tag-sverige","27":"tag-sweden","28":"tag-swedish","29":"tag-top-stories","30":"tag-topstories"},"share_on_mastodon":{"url":"","error":""},"_links":{"self":[{"href":"https:\/\/www.europesays.com\/se\/wp-json\/wp\/v2\/posts\/50800","targetHints":{"allow":["GET"]}}],"collection":[{"href":"https:\/\/www.europesays.com\/se\/wp-json\/wp\/v2\/posts"}],"about":[{"href":"https:\/\/www.europesays.com\/se\/wp-json\/wp\/v2\/types\/post"}],"author":[{"embeddable":true,"href":"https:\/\/www.europesays.com\/se\/wp-json\/wp\/v2\/users\/2"}],"replies":[{"embeddable":true,"href":"https:\/\/www.europesays.com\/se\/wp-json\/wp\/v2\/comments?post=50800"}],"version-history":[{"count":0,"href":"https:\/\/www.europesays.com\/se\/wp-json\/wp\/v2\/posts\/50800\/revisions"}],"wp:featuredmedia":[{"embeddable":true,"href":"https:\/\/www.europesays.com\/se\/wp-json\/wp\/v2\/media\/50801"}],"wp:attachment":[{"href":"https:\/\/www.europesays.com\/se\/wp-json\/wp\/v2\/media?parent=50800"}],"wp:term":[{"taxonomy":"category","embeddable":true,"href":"https:\/\/www.europesays.com\/se\/wp-json\/wp\/v2\/categories?post=50800"},{"taxonomy":"post_tag","embeddable":true,"href":"https:\/\/www.europesays.com\/se\/wp-json\/wp\/v2\/tags?post=50800"}],"curies":[{"name":"wp","href":"https:\/\/api.w.org\/{rel}","templated":true}]}}