{"id":50875,"date":"2025-10-08T22:37:12","date_gmt":"2025-10-08T22:37:12","guid":{"rendered":"https:\/\/www.europesays.com\/se\/50875\/"},"modified":"2025-10-08T22:37:12","modified_gmt":"2025-10-08T22:37:12","slug":"flera-skador-kallar-tillbaka-lanet","status":"publish","type":"post","link":"https:\/\/www.europesays.com\/se\/50875\/","title":{"rendered":"Flera skador &#8211; kallar tillbaka l\u00e5net"},"content":{"rendered":"<p><strong>Malm\u00f6talangen Felix Carell har varit utl\u00e5nad till <a href=\"https:\/\/hockeysverige.se\/klubb\/kalmar-hc\/\" rel=\"nofollow noopener\" target=\"_blank\">Kalmar<\/a> under s\u00e4songen. Men imorgon f\u00e5r han <a href=\"https:\/\/hockeysverige.se\/shl\/\" rel=\"nofollow noopener\" target=\"_blank\">SHL<\/a>-debutera, d\u00e5 <a href=\"https:\/\/hockeysverige.se\/klubb\/malmo-redhawks\/\" rel=\"nofollow noopener\" target=\"_blank\">Redhawks<\/a> drabbats av tv\u00e5 backskador.<\/strong> <strong>Dessutom \u00e4r lagkaptenen Fredrik H\u00e4ndemark skadad.<\/strong><\/p>\n<p><img loading=\"lazy\" decoding=\"async\" width=\"1024\" height=\"658\" src=\"https:\/\/www.europesays.com\/se\/wp-content\/uploads\/2025\/10\/Malmo-skador-1024x658.webp.webp\" alt=\"\" class=\"wp-image-311282\"  \/>Felix Carell (h\u00f6ger) kallas tillbaka till Malm\u00f6 efter tuffa skadorna. <br \/><strong>Foto: <\/strong>Bildbyr\u00e5n (collage)<\/p>\n<p>Det \u00e4r <a href=\"https:\/\/x.com\/MrMadhawk\/status\/1975859803604779011\" rel=\"nofollow\">MrMadhawk<\/a> som p\u00e5 X skriver att Felix Carell kommer debutera i matchen mot serieledande Fr\u00f6lunda imorgon. Detta eftersom Malm\u00f6 drabbats av tv\u00e5 tunga skador p\u00e5 backsidan. S\u00e5v\u00e4l Seth Barton som Patrik Nor\u00e9n \u00e4r nu uppsatta p\u00e5 skadelistan.<\/p>\n<p>Det bekr\u00e4ftar klubben p\u00e5 sin <a href=\"https:\/\/www.malmoredhawks.com\/article\/yqnat3s-33nad\/view\" rel=\"nofollow noopener\" target=\"_blank\">hemsida<\/a>.<\/p>\n<p>\u2013 Seth Barton \u00e5drog sig en \u00f6verkroppsskada mot Djurg\u00e5rden den 4 oktober. Rehabiliteringen har g\u00e5tt bra och r\u00e5dande fr\u00e5nvarostatus \u00e4r dag f\u00f6r dag. Det \u00e4r d\u00e4rmed inte uteslutet att han kan \u00e5terg\u00e5 till matchspel redan under veckan, skriver man.<br \/>\u2013 Patrik Nor\u00e9n har drabbats av en underkroppsskada som just nu h\u00e5ller honom borta fr\u00e5n spel. Rehabiliteringen \u00e4r ig\u00e5ng, och prognosen just nu \u00e4r att han inte \u00e4r aktuell f\u00f6r spel denna vecka.\u00a0<\/p>\n<p>Nor\u00e9n har redan haft en del skadeproblem under s\u00e4songen, och gjorde comeback efter ett par veckors fr\u00e5nvaro i l\u00f6rdagens match mot Djurg\u00e5rden. Han har totalt spelat fyra matcher i Malm\u00f6dressen under SHL-upptakten.<\/p>\n<p>Daniel Stolt om Felix Carells framtid<\/p>\n<p>Hur framtiden ser ut f\u00f6r Felix Carell efter den h\u00e4r veckan \u00e4r oklar. <\/p>\n<p>\u2013 Den bollen ligger hos Malm\u00f6, s\u00e4ger Kalmars sportchef till hockeysverige.se.<\/p>\n<p>Junioren Carell har gjort 2+1 p\u00e5 sex matcher f\u00f6r Kalmar i <a href=\"https:\/\/hockeysverige.se\/hockeyallsvenskan\/\" rel=\"nofollow noopener\" target=\"_blank\">HockeyAllsvenskan<\/a> den h\u00e4r s\u00e4songen.<\/p>\n<p>Ut\u00f6ver de tidigare n\u00e4mnda backarna \u00e4r ocks\u00e5 nyckelcentern och lagkaptenen Fredrik H\u00e4ndemark skadad.<\/p>\n<p>\u2013 Fredrik H\u00e4ndemark har \u00e5dragit sig en underkroppsskada i samband med en tr\u00e4ning i veckan. Skadan unders\u00f6ks just nu n\u00e4rmare, och \u00e4n s\u00e5 l\u00e4nge \u00e4r det f\u00f6r tidigt att ge n\u00e5gon s\u00e4ker prognos, skriver Redhawks.<\/p>\n<p> Source: <a href=\"https:\/\/www.eliteprospects.com\/player\/756647\/felix-carell\" target=\"_blank\" rel=\"noopener noreferrer nofollow\">Felix Carell<\/a> @ Elite Prospects<\/p>\n","protected":false},"excerpt":{"rendered":"Malm\u00f6talangen Felix Carell har varit utl\u00e5nad till Kalmar under s\u00e4songen. Men imorgon f\u00e5r han SHL-debutera, d\u00e5 Redhawks drabbats&hellip;\n","protected":false},"author":2,"featured_media":50876,"comment_status":"","ping_status":"","sticky":false,"template":"","format":"standard","meta":{"footnotes":""},"categories":[68],"tags":[621,34,133,134,111,110,31,33,32,30,355],"class_list":{"0":"post-50875","1":"post","2":"type-post","3":"status-publish","4":"format-standard","5":"has-post-thumbnail","7":"category-sport","8":"tag-hockeyallsvenskan","9":"tag-se","10":"tag-second-news","11":"tag-shl","12":"tag-sport","13":"tag-sports","14":"tag-svenska","15":"tag-sverige","16":"tag-sweden","17":"tag-swedish","18":"tag-talang"},"share_on_mastodon":{"url":"","error":""},"_links":{"self":[{"href":"https:\/\/www.europesays.com\/se\/wp-json\/wp\/v2\/posts\/50875","targetHints":{"allow":["GET"]}}],"collection":[{"href":"https:\/\/www.europesays.com\/se\/wp-json\/wp\/v2\/posts"}],"about":[{"href":"https:\/\/www.europesays.com\/se\/wp-json\/wp\/v2\/types\/post"}],"author":[{"embeddable":true,"href":"https:\/\/www.europesays.com\/se\/wp-json\/wp\/v2\/users\/2"}],"replies":[{"embeddable":true,"href":"https:\/\/www.europesays.com\/se\/wp-json\/wp\/v2\/comments?post=50875"}],"version-history":[{"count":0,"href":"https:\/\/www.europesays.com\/se\/wp-json\/wp\/v2\/posts\/50875\/revisions"}],"wp:featuredmedia":[{"embeddable":true,"href":"https:\/\/www.europesays.com\/se\/wp-json\/wp\/v2\/media\/50876"}],"wp:attachment":[{"href":"https:\/\/www.europesays.com\/se\/wp-json\/wp\/v2\/media?parent=50875"}],"wp:term":[{"taxonomy":"category","embeddable":true,"href":"https:\/\/www.europesays.com\/se\/wp-json\/wp\/v2\/categories?post=50875"},{"taxonomy":"post_tag","embeddable":true,"href":"https:\/\/www.europesays.com\/se\/wp-json\/wp\/v2\/tags?post=50875"}],"curies":[{"name":"wp","href":"https:\/\/api.w.org\/{rel}","templated":true}]}}