{"id":50886,"date":"2025-10-08T23:15:08","date_gmt":"2025-10-08T23:15:08","guid":{"rendered":"https:\/\/www.europesays.com\/se\/50886\/"},"modified":"2025-10-08T23:15:08","modified_gmt":"2025-10-08T23:15:08","slug":"du-maste-godkanna-truth-inlagg-om-avtal","status":"publish","type":"post","link":"https:\/\/www.europesays.com\/se\/50886\/","title":{"rendered":"\u201dDu m\u00e5ste godk\u00e4nna Truth-inl\u00e4gg om avtal\u201d"},"content":{"rendered":"<p>N\u00e4r Donald Trump h\u00f6ll ett m\u00f6te i Vita huset sm\u00f6g utrikesminister Marco Rubio in i rummet och l\u00e4mnade \u00f6ver en lapp till presidenten, rapporterar AP. Rubio viskade n\u00e5got i presidentens \u00f6ra och gick sedan d\u00e4rifr\u00e5n. <\/p>\n<p>Nyhetsbyr\u00e5ns fotograf lyckades ta en bild p\u00e5 lappen d\u00e4r det stod: <\/p>\n<p>\u201dDu m\u00e5ste godk\u00e4nna ett inl\u00e4gg p\u00e5 Truth Social snart s\u00e5 att du kan vara f\u00f6rst med att tillk\u00e4nnage avtalet.\u201d<\/p>\n<p>N\u00e4r Trump fick fr\u00e5gor fr\u00e5n reportrarna p\u00e5 plats stod Rubio vid sidan, \u201dtill synes ivrig att f\u00e5 presidenten att f\u00f6lja med honom\u201d, skriver AP. <\/p>\n<p>P\u00e5 m\u00f6tet sa presidenten att ett avtal om fred i Gaza \u00e4r \u201dv\u00e4ldigt n\u00e4ra\u201d. <\/p>\n<p>Omni \u00e4r politiskt obundna och oberoende. Vi str\u00e4var efter att ge fler perspektiv p\u00e5 nyheterna. Har du fr\u00e5gor eller synpunkter kring v\u00e5r rapportering? <a href=\"https:\/\/omni.se\/ministerns-lapp-till-trump-du-maste-godkanna-truth-inlagg-om-avtal\/a\/mailto:redaktion@omni.se\" class=\"ArticleActions_contactLink__W2F1M\" rel=\"nofollow noopener\" target=\"_blank\">Kontakta redaktionen<\/a><\/p>\n","protected":false},"excerpt":{"rendered":"N\u00e4r Donald Trump h\u00f6ll ett m\u00f6te i Vita huset sm\u00f6g utrikesminister Marco Rubio in i rummet och l\u00e4mnade&hellip;\n","protected":false},"author":2,"featured_media":50887,"comment_status":"","ping_status":"","sticky":false,"template":"","format":"standard","meta":{"footnotes":""},"categories":[5],"tags":[22,23,385,26,27,121,17,21,342,24,25,28,29,1120,124,125,15,268,16,18,34,31,33,32,30,19,20,74],"class_list":{"0":"post-50886","1":"post","2":"type-post","3":"status-publish","4":"format-standard","5":"has-post-thumbnail","7":"category-rubriker","8":"tag-breaking-news","9":"tag-breakingnews","10":"tag-donald-trump","11":"tag-featured-news","12":"tag-featurednews","13":"tag-gaza","14":"tag-headlines","15":"tag-huvudnyheter","16":"tag-israel","17":"tag-latest-news","18":"tag-latestnews","19":"tag-main-news","20":"tag-mainnews","21":"tag-marco-rubio","22":"tag-mellanostern","23":"tag-mellanosternkrisen","24":"tag-news","25":"tag-nordamerika","26":"tag-nyheter","27":"tag-rubriker","28":"tag-se","29":"tag-svenska","30":"tag-sverige","31":"tag-sweden","32":"tag-swedish","33":"tag-top-stories","34":"tag-topstories","35":"tag-usa"},"share_on_mastodon":{"url":"","error":""},"_links":{"self":[{"href":"https:\/\/www.europesays.com\/se\/wp-json\/wp\/v2\/posts\/50886","targetHints":{"allow":["GET"]}}],"collection":[{"href":"https:\/\/www.europesays.com\/se\/wp-json\/wp\/v2\/posts"}],"about":[{"href":"https:\/\/www.europesays.com\/se\/wp-json\/wp\/v2\/types\/post"}],"author":[{"embeddable":true,"href":"https:\/\/www.europesays.com\/se\/wp-json\/wp\/v2\/users\/2"}],"replies":[{"embeddable":true,"href":"https:\/\/www.europesays.com\/se\/wp-json\/wp\/v2\/comments?post=50886"}],"version-history":[{"count":0,"href":"https:\/\/www.europesays.com\/se\/wp-json\/wp\/v2\/posts\/50886\/revisions"}],"wp:featuredmedia":[{"embeddable":true,"href":"https:\/\/www.europesays.com\/se\/wp-json\/wp\/v2\/media\/50887"}],"wp:attachment":[{"href":"https:\/\/www.europesays.com\/se\/wp-json\/wp\/v2\/media?parent=50886"}],"wp:term":[{"taxonomy":"category","embeddable":true,"href":"https:\/\/www.europesays.com\/se\/wp-json\/wp\/v2\/categories?post=50886"},{"taxonomy":"post_tag","embeddable":true,"href":"https:\/\/www.europesays.com\/se\/wp-json\/wp\/v2\/tags?post=50886"}],"curies":[{"name":"wp","href":"https:\/\/api.w.org\/{rel}","templated":true}]}}