{"id":50888,"date":"2025-10-08T23:23:08","date_gmt":"2025-10-08T23:23:08","guid":{"rendered":"https:\/\/www.europesays.com\/se\/50888\/"},"modified":"2025-10-08T23:23:08","modified_gmt":"2025-10-08T23:23:08","slug":"farsen-har-pagatt-for-lange","status":"publish","type":"post","link":"https:\/\/www.europesays.com\/se\/50888\/","title":{"rendered":"\u201dFarsen har p\u00e5g\u00e5tt f\u00f6r l\u00e4nge\u201d"},"content":{"rendered":"<p>Emmanuel Macron har bekr\u00e4ftat att han ska utse en ny premi\u00e4rminister inom 48 timmar f\u00f6r att f\u00f6rs\u00f6ka f\u00e5 igenom en budget i det splittrade parlamentet. Den avhoppande premi\u00e4rministern S\u00e9bastien Lecornu menar att en majoritet i parlamentet \u00e4r \u00f6verens om att en uppl\u00f6sning av parlamentet \u00e4r en d\u00e5lig id\u00e9, men den tanken delas inte av alla. <\/p>\n<p>Mathilde Panot, ledare f\u00f6r ytterv\u00e4nsterpartiet LFI, s\u00e4ger att det franska folket har tappat t\u00e5lamodet \u201dmed en man som v\u00e4grar sl\u00e4ppa makten\u201d och att Macron b\u00f6r avg\u00e5. <\/p>\n<p>\u201dFarsen har p\u00e5g\u00e5tt tillr\u00e4ckligt l\u00e4nge\u201d, skriver hon p\u00e5 X. <\/p>\n<p>B\u00e5de ytterh\u00f6gerpartiet Nationell samling och h\u00f6gerpartiet UDR lovar att f\u00e4lla varje regering om inte parlamentet uppl\u00f6ses eller Macron avg\u00e5r. Nationell samling-politikern S\u00e9bastien Chenu \u00e4r uppr\u00f6rd. <\/p>\n<p>\u2013 Vi lever i ett land d\u00e4r de som f\u00f6rlorade valet f\u00f6rs\u00f6ker h\u00e5lla sig kvar vid makten f\u00f6r att f\u00f6ra en politik som fransm\u00e4nnen inte vill ha, s\u00e4ger han enligt Le Monde. <\/p>\n<p>Omni \u00e4r politiskt obundna och oberoende. Vi str\u00e4var efter att ge fler perspektiv p\u00e5 nyheterna. Har du fr\u00e5gor eller synpunkter kring v\u00e5r rapportering? <a href=\"https:\/\/omni.se\/nya-avgangskrav-farsen-har-pagatt-for-lange\/a\/mailto:redaktion@omni.se\" class=\"ArticleActions_contactLink__W2F1M\" rel=\"nofollow noopener\" target=\"_blank\">Kontakta redaktionen<\/a><\/p>\n","protected":false},"excerpt":{"rendered":"Emmanuel Macron har bekr\u00e4ftat att han ska utse en ny premi\u00e4rminister inom 48 timmar f\u00f6r att f\u00f6rs\u00f6ka f\u00e5&hellip;\n","protected":false},"author":2,"featured_media":50889,"comment_status":"","ping_status":"","sticky":false,"template":"","format":"standard","meta":{"footnotes":""},"categories":[5],"tags":[22,23,265,267,26,27,266,2022,17,21,24,25,28,29,5030,15,16,18,34,3810,31,33,32,30,19,20],"class_list":{"0":"post-50888","1":"post","2":"type-post","3":"status-publish","4":"format-standard","5":"has-post-thumbnail","7":"category-rubriker","8":"tag-breaking-news","9":"tag-breakingnews","10":"tag-emmanuel-macron","11":"tag-europa","12":"tag-featured-news","13":"tag-featurednews","14":"tag-frankrike","15":"tag-fransk-politik","16":"tag-headlines","17":"tag-huvudnyheter","18":"tag-latest-news","19":"tag-latestnews","20":"tag-main-news","21":"tag-mainnews","22":"tag-nationell-samling","23":"tag-news","24":"tag-nyheter","25":"tag-rubriker","26":"tag-se","27":"tag-sebastien-lecornu","28":"tag-svenska","29":"tag-sverige","30":"tag-sweden","31":"tag-swedish","32":"tag-top-stories","33":"tag-topstories"},"share_on_mastodon":{"url":"","error":""},"_links":{"self":[{"href":"https:\/\/www.europesays.com\/se\/wp-json\/wp\/v2\/posts\/50888","targetHints":{"allow":["GET"]}}],"collection":[{"href":"https:\/\/www.europesays.com\/se\/wp-json\/wp\/v2\/posts"}],"about":[{"href":"https:\/\/www.europesays.com\/se\/wp-json\/wp\/v2\/types\/post"}],"author":[{"embeddable":true,"href":"https:\/\/www.europesays.com\/se\/wp-json\/wp\/v2\/users\/2"}],"replies":[{"embeddable":true,"href":"https:\/\/www.europesays.com\/se\/wp-json\/wp\/v2\/comments?post=50888"}],"version-history":[{"count":0,"href":"https:\/\/www.europesays.com\/se\/wp-json\/wp\/v2\/posts\/50888\/revisions"}],"wp:featuredmedia":[{"embeddable":true,"href":"https:\/\/www.europesays.com\/se\/wp-json\/wp\/v2\/media\/50889"}],"wp:attachment":[{"href":"https:\/\/www.europesays.com\/se\/wp-json\/wp\/v2\/media?parent=50888"}],"wp:term":[{"taxonomy":"category","embeddable":true,"href":"https:\/\/www.europesays.com\/se\/wp-json\/wp\/v2\/categories?post=50888"},{"taxonomy":"post_tag","embeddable":true,"href":"https:\/\/www.europesays.com\/se\/wp-json\/wp\/v2\/tags?post=50888"}],"curies":[{"name":"wp","href":"https:\/\/api.w.org\/{rel}","templated":true}]}}