{"id":50942,"date":"2025-10-09T02:50:17","date_gmt":"2025-10-09T02:50:17","guid":{"rendered":"https:\/\/www.europesays.com\/se\/50942\/"},"modified":"2025-10-09T02:50:17","modified_gmt":"2025-10-09T02:50:17","slug":"christian-30-dod-efter-ran-i-spanien","status":"publish","type":"post","link":"https:\/\/www.europesays.com\/se\/50942\/","title":{"rendered":"Christian, 30, d\u00f6d efter r\u00e5n i Spanien"},"content":{"rendered":"<p>Publicerad 8 okt 2025 kl 20.35<\/p>\n<p>M\u00e4nnen i bilen sa att de ville ha hj\u00e4lp med en v\u00e4gbeskrivning.\u00a0<\/p>\n<p>Men n\u00e4r svenske Christian Pikulak, 30, r\u00e4ckte fram sin mobiltelefon k\u00f6rde de i v\u00e4g.\u00a0<\/p>\n<p>Christian blev allvarigt skadad vid r\u00e5net och avled senare p\u00e5 sjukhus.\u00a0<\/p>\n<p>\u2013 Han var j\u00e4tteglad, med ett stort hj\u00e4rta, s\u00e4ger hans mamma Anna Pikulak.\u00a0<\/p>\n<p>Senaste nyhetsklippen fr\u00e5n Expressen.<img   alt=\"\"\/><\/p>\n<p>Christian Pikulak, 30, fr\u00e5n Landskrona blev sv\u00e5rt skadad i samband med ett r\u00e5n 3 oktober. 7 oktober avled han av skadorna.<\/p>\n<p>Foto: Privat<\/p>\n<p>\u00d6ppna bild i helsk\u00e4rm<\/p>\n<p>Det var tidigt p\u00e5 morgonen 3 oktober som Christian Pikulak och hans flickv\u00e4n Vivienne Hoos utsattes f\u00f6r ett brutalt r\u00e5n i Torrevieja, <a href=\"https:\/\/www.expressen.se\/tagg\/location\/spanien\/\" class=\"\" rel=\"nofollow noopener\" target=\"_blank\">Spanien<\/a>. \u00a0<\/p>\n<p>De var p\u00e5 v\u00e4g hem fr\u00e5n en bar n\u00e4r en bil med tre eller fyra m\u00e4n k\u00f6rde upp bredvid dem. M\u00e4nnen sa att de inte hade tillg\u00e5ng till internet och ville ha hj\u00e4lp med en v\u00e4gbeskrivning.\u00a0<\/p>\n<p>N\u00e4r Christian Pikulak r\u00e4ckte \u00f6ver sin mobiltelefon k\u00f6rde bilen pl\u00f6tsligt i v\u00e4g. Christian sl\u00e4pades med flera meter och slog i en stor soptunna. Han skadades allvarligt och avled p\u00e5 sjukhus p\u00e5 tisdagen.\u00a0<\/p>\n<p><img loading=\"lazy\"   alt=\"\"\/><\/p>\n<p>Christian Pikulak hade dr\u00f6mt om att \u00f6ppna en egen restaurang i flera \u00e5r.<\/p>\n<p>Foto: Privat<\/p>\n<p>\u00d6ppna bild i helsk\u00e4rm\u201dEn m\u00e4nniska full av liv\u201d<\/p>\n<p>Hans anh\u00f6riga \u00e4r f\u00f6rkrossade. \u201dHan var bara 30 \u00e5r gammal en m\u00e4nniska full av liv, dr\u00f6mmar och k\u00e4rlek till sin familj, sina v\u00e4nner och sitt arbete\u201d, skriver flickv\u00e4nnen i ett inl\u00e4gg p\u00e5 Facebook.\u00a0<\/p>\n<p>Anna Pikulak beskriver sin son som \u201dj\u00e4ttesn\u00e4ll och tacksam.\u201d\u00a0<\/p>\n<p>\u2013 Han var j\u00e4tteglad, med ett stort hj\u00e4rta. Han var driftig och drev en egen restaurang.\u00a0<\/p>\n<p>Hon faller i gr\u00e5t n\u00e4r hon pratar om det brutala r\u00e5net.\u00a0<\/p>\n<p>\u2013 Han ville hj\u00e4lpa dem och visa v\u00e4gen&#8230;\u00a0<\/p>\n<p><img loading=\"lazy\"   alt=\"\"\/><\/p>\n<p>Christian Pikulak och flickv\u00e4nnen Vivienne Hoos.<\/p>\n<p>Foto: Privat<\/p>\n<p>\u00d6ppna bild i helsk\u00e4rmByr\u00e5kratiskt kr\u00e5ngel<\/p>\n<p>Christian Pikulak flyttade till Spanien f\u00f6r tre \u00e5r sedan och drev en hamburgerrestaurang i Torrevieja. Flickv\u00e4nnen hoppas p\u00e5 hj\u00e4lp f\u00f6r att ha r\u00e5d med hemtransport, l\u00f6ner och r\u00e4kningar kopplat till f\u00f6retaget samt advokatkostnader.\u00a0<\/p>\n<p>\u201dKostnaderna f\u00f6r hemtransport och allt administrativt \u00f6verstiger l\u00e5ngt vad vi klarar. F\u00f6rs\u00e4kringen t\u00e4cker tyv\u00e4rr ingenting.\u201d<\/p>\n<p>Anna Pikulak beskriver ett par mardr\u00f6mslika dagar \u2013 pr\u00e4glade av djup sorg, m\u00e5nga olika m\u00f6ten och byr\u00e5kratiskt kr\u00e5ngel.\u00a0<\/p>\n<p>\u2013 Vi \u00e4r j\u00e4ttechockade. Det \u00e4r s\u00e5 mycket som h\u00e4nder just nu. Mitt huvud \u00e4r helt slut av allt.\u00a0<\/p>\n<p>Spansk polis utreder nu mord. Ingen har gripits.\u00a0<\/p>\n","protected":false},"excerpt":{"rendered":"Publicerad 8 okt 2025 kl 20.35 M\u00e4nnen i bilen sa att de ville ha hj\u00e4lp med en v\u00e4gbeskrivning.\u00a0&hellip;\n","protected":false},"author":2,"featured_media":50943,"comment_status":"","ping_status":"","sticky":false,"template":"","format":"standard","meta":{"footnotes":""},"categories":[5],"tags":[22,23,26,27,17,21,24,25,498,28,29,15,16,18,34,55,31,33,32,30,19,436,20],"class_list":{"0":"post-50942","1":"post","2":"type-post","3":"status-publish","4":"format-standard","5":"has-post-thumbnail","7":"category-rubriker","8":"tag-breaking-news","9":"tag-breakingnews","10":"tag-featured-news","11":"tag-featurednews","12":"tag-headlines","13":"tag-huvudnyheter","14":"tag-latest-news","15":"tag-latestnews","16":"tag-location-spanien","17":"tag-main-news","18":"tag-mainnews","19":"tag-news","20":"tag-nyheter","21":"tag-rubriker","22":"tag-se","23":"tag-sections-varlden","24":"tag-svenska","25":"tag-sverige","26":"tag-sweden","27":"tag-swedish","28":"tag-top-stories","29":"tag-topic-valdsbrott-mord","30":"tag-topstories"},"share_on_mastodon":{"url":"","error":""},"_links":{"self":[{"href":"https:\/\/www.europesays.com\/se\/wp-json\/wp\/v2\/posts\/50942","targetHints":{"allow":["GET"]}}],"collection":[{"href":"https:\/\/www.europesays.com\/se\/wp-json\/wp\/v2\/posts"}],"about":[{"href":"https:\/\/www.europesays.com\/se\/wp-json\/wp\/v2\/types\/post"}],"author":[{"embeddable":true,"href":"https:\/\/www.europesays.com\/se\/wp-json\/wp\/v2\/users\/2"}],"replies":[{"embeddable":true,"href":"https:\/\/www.europesays.com\/se\/wp-json\/wp\/v2\/comments?post=50942"}],"version-history":[{"count":0,"href":"https:\/\/www.europesays.com\/se\/wp-json\/wp\/v2\/posts\/50942\/revisions"}],"wp:featuredmedia":[{"embeddable":true,"href":"https:\/\/www.europesays.com\/se\/wp-json\/wp\/v2\/media\/50943"}],"wp:attachment":[{"href":"https:\/\/www.europesays.com\/se\/wp-json\/wp\/v2\/media?parent=50942"}],"wp:term":[{"taxonomy":"category","embeddable":true,"href":"https:\/\/www.europesays.com\/se\/wp-json\/wp\/v2\/categories?post=50942"},{"taxonomy":"post_tag","embeddable":true,"href":"https:\/\/www.europesays.com\/se\/wp-json\/wp\/v2\/tags?post=50942"}],"curies":[{"name":"wp","href":"https:\/\/api.w.org\/{rel}","templated":true}]}}