{"id":50952,"date":"2025-10-09T03:18:09","date_gmt":"2025-10-09T03:18:09","guid":{"rendered":"https:\/\/www.europesays.com\/se\/50952\/"},"modified":"2025-10-09T03:18:09","modified_gmt":"2025-10-09T03:18:09","slug":"fordomarna-om-lars-noren-kom-pa-skam-cecilia-hagen","status":"publish","type":"post","link":"https:\/\/www.europesays.com\/se\/50952\/","title":{"rendered":"F\u00f6rdomarna om Lars Nor\u00e9n kom p\u00e5 skam | Cecilia Hagen"},"content":{"rendered":"<p>Cecilia Hagen<\/p>\n<p>Publicerad 9 okt 2025 kl 05.00<\/p>\n<p>PremiumFyra timmar om Lars Nor\u00e9n.<\/p>\n<p>I m\u00e5ndags klockan 14 s\u00e5g jag dokument\u00e4rfilmen.<\/p>\n<p><img   alt=\"\"\/><\/p>\n<p>Dokument\u00e4ren \u201dLars\u201d, om dramatikern Lars Nor\u00e9n, \u00e4r drygt fyra timmar l\u00e5ng. Och v\u00e4l v\u00e4rd att se, tycker Cecilia Hagen.<\/p>\n<p>Foto: HENRIK MONTGOMERY\/TT<\/p>\n<p>\u00d6ppna bild i helsk\u00e4rm<\/p>\n<p>Detta \u00e4r en kr\u00f6nika. Analys och st\u00e4llningstaganden \u00e4r skribentens.&#13;<br \/>\n &#13;<\/p>\n","protected":false},"excerpt":{"rendered":"Cecilia Hagen Publicerad 9 okt 2025 kl 05.00 PremiumFyra timmar om Lars Nor\u00e9n. I m\u00e5ndags klockan 14 s\u00e5g&hellip;\n","protected":false},"author":2,"featured_media":50953,"comment_status":"","ping_status":"","sticky":false,"template":"","format":"standard","meta":{"footnotes":""},"categories":[67],"tags":[104,4743,103,34,2606,31,33,32,30,105],"class_list":{"0":"post-50952","1":"post","2":"type-post","3":"status-publish","4":"format-standard","5":"has-post-thumbnail","7":"category-underhallning","8":"tag-entertainment","9":"tag-person-lars-noren","10":"tag-premium","11":"tag-se","12":"tag-sections-ceciliahagen","13":"tag-svenska","14":"tag-sverige","15":"tag-sweden","16":"tag-swedish","17":"tag-underhallning"},"share_on_mastodon":{"url":"","error":""},"_links":{"self":[{"href":"https:\/\/www.europesays.com\/se\/wp-json\/wp\/v2\/posts\/50952","targetHints":{"allow":["GET"]}}],"collection":[{"href":"https:\/\/www.europesays.com\/se\/wp-json\/wp\/v2\/posts"}],"about":[{"href":"https:\/\/www.europesays.com\/se\/wp-json\/wp\/v2\/types\/post"}],"author":[{"embeddable":true,"href":"https:\/\/www.europesays.com\/se\/wp-json\/wp\/v2\/users\/2"}],"replies":[{"embeddable":true,"href":"https:\/\/www.europesays.com\/se\/wp-json\/wp\/v2\/comments?post=50952"}],"version-history":[{"count":0,"href":"https:\/\/www.europesays.com\/se\/wp-json\/wp\/v2\/posts\/50952\/revisions"}],"wp:featuredmedia":[{"embeddable":true,"href":"https:\/\/www.europesays.com\/se\/wp-json\/wp\/v2\/media\/50953"}],"wp:attachment":[{"href":"https:\/\/www.europesays.com\/se\/wp-json\/wp\/v2\/media?parent=50952"}],"wp:term":[{"taxonomy":"category","embeddable":true,"href":"https:\/\/www.europesays.com\/se\/wp-json\/wp\/v2\/categories?post=50952"},{"taxonomy":"post_tag","embeddable":true,"href":"https:\/\/www.europesays.com\/se\/wp-json\/wp\/v2\/tags?post=50952"}],"curies":[{"name":"wp","href":"https:\/\/api.w.org\/{rel}","templated":true}]}}