{"id":510,"date":"2025-08-09T18:36:07","date_gmt":"2025-08-09T18:36:07","guid":{"rendered":"https:\/\/www.europesays.com\/se\/510\/"},"modified":"2025-08-09T18:36:07","modified_gmt":"2025-08-09T18:36:07","slug":"15-aring-pa-sis-hem-hellre-fotboja-an-inlast","status":"publish","type":"post","link":"https:\/\/www.europesays.com\/se\/510\/","title":{"rendered":"15-\u00e5ring p\u00e5 Sis-hem: \u201dHellre fotboja \u00e4n inl\u00e5st\u201d"},"content":{"rendered":"<p>Statens institutionsstyrelse (Sis) har f\u00e5tt i uppdrag att utreda m\u00f6jligheten till fotboja f\u00f6r barn och unga som omh\u00e4ndertagits enligt LVU. Amir och Daniel, som sitter p\u00e5 Sis-hem, \u00e4r positiva till f\u00f6rslaget.<\/p>\n<p>\u2013 Jag tycker att det \u00e4r mycket b\u00e4ttre \u00e4n att vara inl\u00e5st. Jag tror att det kan ge en k\u00e4nsla av lite mer frihet. Samtidigt tror jag att det kostar samh\u00e4llet mindre pengar, f\u00f6r det kostar att ha anst\u00e4lld personal, s\u00e4ger 15-\u00e5rige Amir till SvD.<\/p>\n<p>Syftet med f\u00f6rslaget \u00e4r att minska risken f\u00f6r rymningar, eftersom m\u00e5nga Sis-rymningar har f\u00f6ljts av v\u00e5ldsbrott, och att ungdomar ska f\u00e5 tillbringa mer tid i hemmet om de har en fungerande hemmilj\u00f6.<\/p>\n<p>Omni \u00e4r politiskt obundna och oberoende. Vi str\u00e4var efter att ge fler perspektiv p\u00e5 nyheterna. Har du fr\u00e5gor eller synpunkter kring v\u00e5r rapportering? <a href=\"https:\/\/omni.se\/15-aring-fotboja-battre-an-att-vara-inlast\/a\/mailto:redaktion@omni.se\" class=\"ArticleActions_contactLink__W2F1M\" rel=\"nofollow noopener\" target=\"_blank\">Kontakta redaktionen<\/a><\/p>\n","protected":false},"excerpt":{"rendered":"Statens institutionsstyrelse (Sis) har f\u00e5tt i uppdrag att utreda m\u00f6jligheten till fotboja f\u00f6r barn och unga som omh\u00e4ndertagits&hellip;\n","protected":false},"author":2,"featured_media":511,"comment_status":"","ping_status":"","sticky":false,"template":"","format":"standard","meta":{"footnotes":""},"categories":[5],"tags":[223,22,23,26,27,17,21,120,24,25,28,29,15,16,18,34,221,222,31,33,32,30,19,20],"class_list":{"0":"post-510","1":"post","2":"type-post","3":"status-publish","4":"format-standard","5":"has-post-thumbnail","7":"category-rubriker","8":"tag-barn-unga","9":"tag-breaking-news","10":"tag-breakingnews","11":"tag-featured-news","12":"tag-featurednews","13":"tag-headlines","14":"tag-huvudnyheter","15":"tag-lag-ratt","16":"tag-latest-news","17":"tag-latestnews","18":"tag-main-news","19":"tag-mainnews","20":"tag-news","21":"tag-nyheter","22":"tag-rubriker","23":"tag-se","24":"tag-sis","25":"tag-statens-institutionsstyrelse","26":"tag-svenska","27":"tag-sverige","28":"tag-sweden","29":"tag-swedish","30":"tag-top-stories","31":"tag-topstories"},"share_on_mastodon":{"url":"","error":""},"_links":{"self":[{"href":"https:\/\/www.europesays.com\/se\/wp-json\/wp\/v2\/posts\/510","targetHints":{"allow":["GET"]}}],"collection":[{"href":"https:\/\/www.europesays.com\/se\/wp-json\/wp\/v2\/posts"}],"about":[{"href":"https:\/\/www.europesays.com\/se\/wp-json\/wp\/v2\/types\/post"}],"author":[{"embeddable":true,"href":"https:\/\/www.europesays.com\/se\/wp-json\/wp\/v2\/users\/2"}],"replies":[{"embeddable":true,"href":"https:\/\/www.europesays.com\/se\/wp-json\/wp\/v2\/comments?post=510"}],"version-history":[{"count":0,"href":"https:\/\/www.europesays.com\/se\/wp-json\/wp\/v2\/posts\/510\/revisions"}],"wp:featuredmedia":[{"embeddable":true,"href":"https:\/\/www.europesays.com\/se\/wp-json\/wp\/v2\/media\/511"}],"wp:attachment":[{"href":"https:\/\/www.europesays.com\/se\/wp-json\/wp\/v2\/media?parent=510"}],"wp:term":[{"taxonomy":"category","embeddable":true,"href":"https:\/\/www.europesays.com\/se\/wp-json\/wp\/v2\/categories?post=510"},{"taxonomy":"post_tag","embeddable":true,"href":"https:\/\/www.europesays.com\/se\/wp-json\/wp\/v2\/tags?post=510"}],"curies":[{"name":"wp","href":"https:\/\/api.w.org\/{rel}","templated":true}]}}