{"id":51038,"date":"2025-10-09T05:22:07","date_gmt":"2025-10-09T05:22:07","guid":{"rendered":"https:\/\/www.europesays.com\/se\/51038\/"},"modified":"2025-10-09T05:22:07","modified_gmt":"2025-10-09T05:22:07","slug":"rysslands-energiforluster-talar-till-ukrainas-fordel","status":"publish","type":"post","link":"https:\/\/www.europesays.com\/se\/51038\/","title":{"rendered":"Rysslands energif\u00f6rluster talar till Ukrainas f\u00f6rdel"},"content":{"rendered":"<p>Ukrainas \u00e5terkommande attacker mot ryska raffinaderier och annan oljeinfrastruktur som p\u00e5g\u00e5tt sedan i somras kan snart vara en daglig f\u00f6reteelse, skriver The Economist. Det f\u00e5r k\u00e4n\u2026<\/p>\n<p>Almost half of Russia\u2019s refineries have been hit b\u2026<\/p>\n<p>Omni \u00e4r politiskt obundna och oberoende. Vi str\u00e4var efter att ge fler perspektiv p\u00e5 nyheterna. Har du fr\u00e5gor eller synpunkter kring v\u00e5r rapportering? <a href=\"https:\/\/omni.se\/rysslands-energiforluster-talar-till-ukrainas-fordel\/a\/mailto:mer@omni.se\" class=\"ArticleActions_contactLink__W2F1M\" rel=\"nofollow noopener\" target=\"_blank\">Kontakta redaktionen<\/a><\/p>\n","protected":false},"excerpt":{"rendered":"Ukrainas \u00e5terkommande attacker mot ryska raffinaderier och annan oljeinfrastruktur som p\u00e5g\u00e5tt sedan i somras kan snart vara en&hellip;\n","protected":false},"author":2,"featured_media":51039,"comment_status":"","ping_status":"","sticky":false,"template":"","format":"standard","meta":{"footnotes":""},"categories":[14],"tags":[2193,22,23,26,27,17,21,24,25,28,29,15,16,5037,18,34,31,33,32,30,5036,19,20,51,52,53,54],"class_list":{"0":"post-51038","1":"post","2":"type-post","3":"status-publish","4":"format-standard","5":"has-post-thumbnail","7":"category-varlden","8":"tag-omni-mer","9":"tag-breaking-news","10":"tag-breakingnews","11":"tag-featured-news","12":"tag-featurednews","13":"tag-headlines","14":"tag-huvudnyheter","15":"tag-latest-news","16":"tag-latestnews","17":"tag-main-news","18":"tag-mainnews","19":"tag-news","20":"tag-nyheter","21":"tag-omni-mer-internationell-fordjupning","22":"tag-rubriker","23":"tag-se","24":"tag-svenska","25":"tag-sverige","26":"tag-sweden","27":"tag-swedish","28":"tag-the-economist","29":"tag-top-stories","30":"tag-topstories","31":"tag-varlden","32":"tag-world","33":"tag-world-news","34":"tag-worldnews"},"share_on_mastodon":{"url":"","error":""},"_links":{"self":[{"href":"https:\/\/www.europesays.com\/se\/wp-json\/wp\/v2\/posts\/51038","targetHints":{"allow":["GET"]}}],"collection":[{"href":"https:\/\/www.europesays.com\/se\/wp-json\/wp\/v2\/posts"}],"about":[{"href":"https:\/\/www.europesays.com\/se\/wp-json\/wp\/v2\/types\/post"}],"author":[{"embeddable":true,"href":"https:\/\/www.europesays.com\/se\/wp-json\/wp\/v2\/users\/2"}],"replies":[{"embeddable":true,"href":"https:\/\/www.europesays.com\/se\/wp-json\/wp\/v2\/comments?post=51038"}],"version-history":[{"count":0,"href":"https:\/\/www.europesays.com\/se\/wp-json\/wp\/v2\/posts\/51038\/revisions"}],"wp:featuredmedia":[{"embeddable":true,"href":"https:\/\/www.europesays.com\/se\/wp-json\/wp\/v2\/media\/51039"}],"wp:attachment":[{"href":"https:\/\/www.europesays.com\/se\/wp-json\/wp\/v2\/media?parent=51038"}],"wp:term":[{"taxonomy":"category","embeddable":true,"href":"https:\/\/www.europesays.com\/se\/wp-json\/wp\/v2\/categories?post=51038"},{"taxonomy":"post_tag","embeddable":true,"href":"https:\/\/www.europesays.com\/se\/wp-json\/wp\/v2\/tags?post=51038"}],"curies":[{"name":"wp","href":"https:\/\/api.w.org\/{rel}","templated":true}]}}