{"id":51043,"date":"2025-10-09T05:28:09","date_gmt":"2025-10-09T05:28:09","guid":{"rendered":"https:\/\/www.europesays.com\/se\/51043\/"},"modified":"2025-10-09T05:28:09","modified_gmt":"2025-10-09T05:28:09","slug":"3-efterlangtade-netflix-filmer-gar-upp-pa-svenska-biografer-i-host","status":"publish","type":"post","link":"https:\/\/www.europesays.com\/se\/51043\/","title":{"rendered":"3 efterl\u00e4ngtade Netflix-filmer g\u00e5r upp p\u00e5 svenska biografer i h\u00f6st"},"content":{"rendered":"<p>Netflix m\u00e5 vara ber\u00f6mda f\u00f6r deras motvillighet inf\u00f6r att sl\u00e4ppa filmer p\u00e5 bio, men d\u00e5 och d\u00e5 l\u00e4ttar de p\u00e5 trycket. I h\u00f6st kan vi se fram emot hela tre efterl\u00e4ngtade Netflix-filmer som g\u00e5r upp p\u00e5 utvalda svenska biografer. Alla tre har redan f\u00e5tt fina recensioner och kan bli stora spelare n\u00e4r galas\u00e4songen drar ig\u00e5ng.<\/p>\n<p><strong>\u201dA House of Dynamite\u201d<\/strong> blir f\u00f6rst ut och f\u00e5r premi\u00e4r redan nu p\u00e5 fredag den <strong>10 oktober<\/strong>. Det \u00e4r Oscarsvinnande regiss\u00f6ren <strong>Kathryn Bigelows<\/strong> (\u201dThe Hurt Locker\u201d) f\u00f6rsta film p\u00e5 \u00e5tta \u00e5r. Det \u00e4r en dramathriller som tar sin b\u00f6rjan n\u00e4r en missil avfyras mot USA. Den utspelar sig i realtid och f\u00f6ljer teamet i Vita huset som f\u00f6rs\u00f6ker r\u00e4dda sitt land.<\/p>\n<p>I rollistan ser vi bland annat <strong>Rebecca Ferguson<\/strong>, <strong>Idris Elba<\/strong> och <strong>Greta Lee<\/strong>. MovieZine delade ut toppbetyget 5\/5. \u201dFilmen bygger upp en tryckande st\u00e4mning, som l\u00e4mnar \u00e5sk\u00e5daren andf\u00e5dd och omtumlad\u201d, skrev Jonna Vanhatalo i sin <a href=\"https:\/\/www.moviezine.se\/recensioner\/a-house-of-dynamite-tar-andan-ur-mig\" rel=\"nofollow noopener\" target=\"_blank\">recension<\/a>. Finns p\u00e5 Netflix 24 oktober.<\/p>\n<p><img loading=\"lazy\" height=\"434\" width=\"648\" class=\"wp-image-701375 sp-no-webp perfmatters-lazy\" alt=\"\" decoding=\"async\" src=\"https:\/\/www.europesays.com\/se\/wp-content\/uploads\/2025\/10\/House-of-Dynamite-648x434.jpg\"  data-\/> <\/p>\n<p>Den <strong>24 oktober<\/strong> f\u00e5r vi \u00e4ntligen se <strong>\u201dFrankenstein\u201d<\/strong>. <strong>Guillermo del Toro<\/strong> har tolkat Mary Shelleys roman som bara han kan. I rollistan ser vi <strong>Oscar Isaac<\/strong>, <strong>Mia Goth<\/strong> och <strong>Jacob Elordi<\/strong> som monstret.\u00a0<\/p>\n<p>\u201dDet h\u00e4r \u00e4r en bed\u00e5rande gotisk saga och en k\u00e4nslom\u00e4ssigt laddad film d\u00e4r allt samverkar f\u00f6r att ge klassikern ny, br\u00e4nnande aktualitet\u201d, skrev Jonna Vanhatalo i sin <a href=\"https:\/\/www.moviezine.se\/recensioner\/guillermo-del-toros-frankenstein\" rel=\"nofollow noopener\" target=\"_blank\">recension<\/a> och delade ut betyget 4\/5. Finns p\u00e5 Netflix 7 november.<\/p>\n<p><img loading=\"lazy\" height=\"432\" width=\"648\" class=\"wp-image-700002 sp-no-webp perfmatters-lazy\" alt=\"\" decoding=\"async\" src=\"https:\/\/www.europesays.com\/se\/wp-content\/uploads\/2025\/10\/Frankenstein-648x432.webp.webp\"  data-\/> <\/p>\n<p>Sist ut av \u00e5rets Netflixpremi\u00e4rer p\u00e5 bio <strong>\u201dJay Kelly\u201d<\/strong>, som g\u00e5r upp p\u00e5 bio den <strong>21 november<\/strong>. <strong>George Clooney<\/strong> spelar en filmstj\u00e4rna med identitetskris som ger sig ut p\u00e5 en resa genom Europa med sin manager, spelad av <strong>Adam Sandler<\/strong>.<\/p>\n<p>Bakom kameran st\u00e5r <strong>Noah Baumbach<\/strong> (\u201dMarriage Story\u201d). I biroller ser vi bland annat <strong>Laura Dern<\/strong> och <strong>Greta Gerwig<\/strong>. MovieZine delar ut betyget 4\/5. \u201dEn rolig och nostalgiskt hj\u00e4rtsk\u00e4rande betraktelse \u00f6ver framg\u00e5ngens pris\u201d, skrev Jonna Vanhatalo i sin <a href=\"https:\/\/www.moviezine.se\/recensioner\/jay-kelly-recension\" rel=\"nofollow noopener\" target=\"_blank\">recension<\/a>. Finns p\u00e5 Netflix 5 december.<\/p>\n<p><img loading=\"lazy\" height=\"378\" width=\"648\" class=\"wp-image-701373 sp-no-webp perfmatters-lazy\" alt=\"\" decoding=\"async\" src=\"https:\/\/www.europesays.com\/se\/wp-content\/uploads\/2025\/10\/Jay-Kelly-648x378.jpg\"  data-\/> <\/p>\n<p>Ovanst\u00e5ende filmer g\u00e5r endast p\u00e5 utvalda biografer. Kolla in programmet p\u00e5 din lokala biograf f\u00f6r att se ifall du f\u00e5r en chans att se n\u00e5gon av de efterl\u00e4ngtade filmerna.<\/p>\n<p>L\u00e4s ocks\u00e5: <a href=\"https:\/\/www.moviezine.se\/nyheter\/rebecca-ferguson-far-en-mindre-roll-i-dune-3-jag-ar-inte-saker-pa-att-jag-skulle-ha-varit-med\" title=\"Rebecca Ferguson f\u00e5r en mindre roll i \u201dDune 3\u201d: \u201dJag \u00e4r inte s\u00e4ker p\u00e5 att jag skulle ha varit med\u201d\" class=\"underline-custom !font-montserrat !font-bold !underline-offset-4 !decoration-4 !decoration-moviezine-green !text-md\" rel=\"nofollow noopener\" target=\"_blank\">Rebecca Ferguson f\u00e5r en mindre roll i \u201dDune 3\u201d: \u201dJag \u00e4r inte s\u00e4ker p\u00e5 att jag skulle ha varit med\u201d<\/a><\/p>\n<p>L\u00e4s ocks\u00e5: <a href=\"https:\/\/www.moviezine.se\/nyheter\/det-tog-10-timmar-att-gora-jacob-elordi-till-monster-befriande\" title=\"Det tog 10 timmar att g\u00f6ra Jacob Elordi till monster: \u201dBefriande\u201d\" class=\"underline-custom !font-montserrat !font-bold !underline-offset-4 !decoration-4 !decoration-moviezine-green !text-md\" rel=\"nofollow noopener\" target=\"_blank\">Det tog 10 timmar att g\u00f6ra Jacob Elordi till monster: \u201dBefriande\u201d<\/a><\/p>\n","protected":false},"excerpt":{"rendered":"Netflix m\u00e5 vara ber\u00f6mda f\u00f6r deras motvillighet inf\u00f6r att sl\u00e4ppa filmer p\u00e5 bio, men d\u00e5 och d\u00e5 l\u00e4ttar&hellip;\n","protected":false},"author":2,"featured_media":51044,"comment_status":"","ping_status":"","sticky":false,"template":"","format":"standard","meta":{"footnotes":""},"categories":[66],"tags":[2399,80,78,79,34,31,33,32,30,81,84,83,82],"class_list":{"0":"post-51043","1":"post","2":"type-post","3":"status-publish","4":"format-standard","5":"has-post-thumbnail","7":"category-vetenskap-och-teknik","8":"tag-netflix","9":"tag-science","10":"tag-science-and-technology","11":"tag-scienceandtechnology","12":"tag-se","13":"tag-svenska","14":"tag-sverige","15":"tag-sweden","16":"tag-swedish","17":"tag-technology","18":"tag-teknik","19":"tag-vetenskap","20":"tag-vetenskapteknik"},"share_on_mastodon":{"url":"","error":""},"_links":{"self":[{"href":"https:\/\/www.europesays.com\/se\/wp-json\/wp\/v2\/posts\/51043","targetHints":{"allow":["GET"]}}],"collection":[{"href":"https:\/\/www.europesays.com\/se\/wp-json\/wp\/v2\/posts"}],"about":[{"href":"https:\/\/www.europesays.com\/se\/wp-json\/wp\/v2\/types\/post"}],"author":[{"embeddable":true,"href":"https:\/\/www.europesays.com\/se\/wp-json\/wp\/v2\/users\/2"}],"replies":[{"embeddable":true,"href":"https:\/\/www.europesays.com\/se\/wp-json\/wp\/v2\/comments?post=51043"}],"version-history":[{"count":0,"href":"https:\/\/www.europesays.com\/se\/wp-json\/wp\/v2\/posts\/51043\/revisions"}],"wp:featuredmedia":[{"embeddable":true,"href":"https:\/\/www.europesays.com\/se\/wp-json\/wp\/v2\/media\/51044"}],"wp:attachment":[{"href":"https:\/\/www.europesays.com\/se\/wp-json\/wp\/v2\/media?parent=51043"}],"wp:term":[{"taxonomy":"category","embeddable":true,"href":"https:\/\/www.europesays.com\/se\/wp-json\/wp\/v2\/categories?post=51043"},{"taxonomy":"post_tag","embeddable":true,"href":"https:\/\/www.europesays.com\/se\/wp-json\/wp\/v2\/tags?post=51043"}],"curies":[{"name":"wp","href":"https:\/\/api.w.org\/{rel}","templated":true}]}}