{"id":51051,"date":"2025-10-09T05:44:12","date_gmt":"2025-10-09T05:44:12","guid":{"rendered":"https:\/\/www.europesays.com\/se\/51051\/"},"modified":"2025-10-09T05:44:12","modified_gmt":"2025-10-09T05:44:12","slug":"tidigare-svt-profil-pekas-ut-som-misstankt-serievaldtaktsman","status":"publish","type":"post","link":"https:\/\/www.europesays.com\/se\/51051\/","title":{"rendered":"Tidigare SVT-profil pekas ut som misst\u00e4nkt seriev\u00e5ldt\u00e4ktsman"},"content":{"rendered":"<p>Publicerad 9 okt 2025 kl 07.06<\/p>\n<p>En tidigare SVT-profil pekas ut som seriev\u00e5ldt\u00e4ktsman.<\/p>\n<p>Han \u00e4r nu misst\u00e4nkt f\u00f6r tre grova v\u00e5ldt\u00e4kter och ett f\u00f6rs\u00f6k till grov v\u00e5ldt\u00e4kt.<\/p>\n<p>\u2013 Det \u00e4r alla mot olika m\u00e5ls\u00e4gande, s\u00e4ger \u00e5klagaren Peter Engstr\u00f6m.<\/p>\n<p><img   alt=\"\"\/><\/p>\n<p>Mannen har varit en profil i SVT.<\/p>\n<p>Foto: LISA MATTISSON<\/p>\n<p>\u00d6ppna bild i helsk\u00e4rm<\/p>\n<p>Mannen i fr\u00e5ga, som synts i <a href=\"https:\/\/www.expressen.se\/tagg\/organization\/svt\/\" class=\"\" rel=\"nofollow noopener\" target=\"_blank\">SVT<\/a> i barnrelaterade sammanhang, greps av polis i juni i \u00e5r. Han h\u00e4ktades d\u00e5 misst\u00e4nkt f\u00f6r grov v\u00e5ldt\u00e4kt, f\u00f6rs\u00f6k till grov v\u00e5ldt\u00e4kt och ett fall av misshandel.<\/p>\n<p>Sedan dess har utredningen mot honom vuxit och fler misstankar har tillkommit.<\/p>\n<p>F\u00f6r en m\u00e5nad sedan h\u00e4ktades han f\u00f6r en andra grov v\u00e5ldt\u00e4kt.<\/p>\n<p>Och nu misst\u00e4nks han ocks\u00e5 f\u00f6r en tredje.<\/p>\n<p>\u2013 Den har han \u00e4nnu inte beg\u00e4rts h\u00e4ktad f\u00f6r, s\u00e4ger Peter Engstr\u00f6m.<\/p>\n<p>Totalt \u00e4r profilen allts\u00e5 misst\u00e4nkt f\u00f6r tre grova v\u00e5ldt\u00e4kter och ett f\u00f6rs\u00f6k till grov v\u00e5ldt\u00e4kt.<\/p>\n<p>De misst\u00e4nkta sexbrotten har h\u00e4nt p\u00e5 en adress som kopplas till profilen.<\/p>\n<p>Misstankarna mot SVT-profilen<\/p>\n<p>Profilen sitter sedan i juni h\u00e4ktad. Sedan dess har fler misstankar mot honom tillkommit. H\u00e4r \u00e4r alla nu aktuella misstankar:<\/p>\n<p> Grov v\u00e5ldt\u00e4kt 2019. Misst\u00e4nkt, men i nul\u00e4get inte h\u00e4ktad f\u00f6r den misstanken.<\/p>\n<p> Grov v\u00e5ldt\u00e4kt 2022. H\u00e4ktad p\u00e5 sannolika sk\u00e4l.<\/p>\n<p>\u00a0Grov v\u00e5ldt\u00e4kt 2024. H\u00e4ktad p\u00e5 sannolika sk\u00e4l.<\/p>\n<p> Misshandel 2024. H\u00e4ktad p\u00e5 sannolika sk\u00e4l.<\/p>\n<p>\u00a0F\u00f6rs\u00f6k till grov v\u00e5ldt\u00e4kt 2025. H\u00e4ktad p\u00e5 sannolika sk\u00e4l.<\/p>\n<p>\u00a0Parallellt utreds han ocks\u00e5 f\u00f6r f\u00f6rs\u00f6k till bedr\u00e4geri.<\/p>\n<p>Visa merHus har beslagtagits<\/p>\n<p>Samtidigt som utredningen v\u00e4xer har domstolen beslutat om kvarstad \u2013 ett omh\u00e4ndertagande \u2013 p\u00e5 tv\u00e5 av hans fastigheter. Det inneb\u00e4r att han inte kan s\u00e4lja dem.<\/p>\n<p>Syftet \u00e4r att s\u00e4kra att han ska kunna betala skadest\u00e5ndskrav p\u00e5 n\u00e4ra 800 000 kronor om han l\u00e4ngre fram d\u00f6ms till detta.<\/p>\n<p>\u00c5klagaren befarar att han \u201dp\u00e5 ett eller annat s\u00e4tt kommer att undandra sig att betala det skadest\u00e5nd som kan antas bli utd\u00f6mt p\u00e5 grund av brottet\u201d.<\/p>\n<p>Den tidigare SVT-profilen f\u00f6rsvaras av advokat Behrang Eslami.<\/p>\n<p>\u2013 Min klient f\u00f6rnekar best\u00e4mt att han gjort sig skyldig till de brott han misst\u00e4nks f\u00f6r, s\u00e4ger han.<\/p>\n","protected":false},"excerpt":{"rendered":"Publicerad 9 okt 2025 kl 07.06 En tidigare SVT-profil pekas ut som seriev\u00e5ldt\u00e4ktsman. Han \u00e4r nu misst\u00e4nkt f\u00f6r&hellip;\n","protected":false},"author":2,"featured_media":51052,"comment_status":"","ping_status":"","sticky":false,"template":"","format":"standard","meta":{"footnotes":""},"categories":[67],"tags":[104,361,34,31,33,32,30,1496,136,105],"class_list":{"0":"post-51051","1":"post","2":"type-post","3":"status-publish","4":"format-standard","5":"has-post-thumbnail","7":"category-underhallning","8":"tag-entertainment","9":"tag-organization-svt","10":"tag-se","11":"tag-svenska","12":"tag-sverige","13":"tag-sweden","14":"tag-swedish","15":"tag-topic-misshandel-overfall","16":"tag-topic-rattegangar-domar","17":"tag-underhallning"},"share_on_mastodon":{"url":"","error":""},"_links":{"self":[{"href":"https:\/\/www.europesays.com\/se\/wp-json\/wp\/v2\/posts\/51051","targetHints":{"allow":["GET"]}}],"collection":[{"href":"https:\/\/www.europesays.com\/se\/wp-json\/wp\/v2\/posts"}],"about":[{"href":"https:\/\/www.europesays.com\/se\/wp-json\/wp\/v2\/types\/post"}],"author":[{"embeddable":true,"href":"https:\/\/www.europesays.com\/se\/wp-json\/wp\/v2\/users\/2"}],"replies":[{"embeddable":true,"href":"https:\/\/www.europesays.com\/se\/wp-json\/wp\/v2\/comments?post=51051"}],"version-history":[{"count":0,"href":"https:\/\/www.europesays.com\/se\/wp-json\/wp\/v2\/posts\/51051\/revisions"}],"wp:featuredmedia":[{"embeddable":true,"href":"https:\/\/www.europesays.com\/se\/wp-json\/wp\/v2\/media\/51052"}],"wp:attachment":[{"href":"https:\/\/www.europesays.com\/se\/wp-json\/wp\/v2\/media?parent=51051"}],"wp:term":[{"taxonomy":"category","embeddable":true,"href":"https:\/\/www.europesays.com\/se\/wp-json\/wp\/v2\/categories?post=51051"},{"taxonomy":"post_tag","embeddable":true,"href":"https:\/\/www.europesays.com\/se\/wp-json\/wp\/v2\/tags?post=51051"}],"curies":[{"name":"wp","href":"https:\/\/api.w.org\/{rel}","templated":true}]}}