{"id":51055,"date":"2025-10-09T05:57:18","date_gmt":"2025-10-09T05:57:18","guid":{"rendered":"https:\/\/www.europesays.com\/se\/51055\/"},"modified":"2025-10-09T05:57:18","modified_gmt":"2025-10-09T05:57:18","slug":"meddelanden-visar-kris-pa-ambassaden-efter-uppgorelsen-med-somalia-ekot","status":"publish","type":"post","link":"https:\/\/www.europesays.com\/se\/51055\/","title":{"rendered":"Meddelanden\u00a0visar: Kris p\u00e5 ambassaden efter uppg\u00f6relsen med Somalia &#8211; Ekot"},"content":{"rendered":"<p>\u201dJag ser inte att n\u00e5got av det \u00e4r g\u00f6rbart&#8230;\u201d<br \/>\u201c&#8230;f\u00f6rutom det fullkomligt vansinniga i allt detta s\u00e5&#8230;\u201d<br \/>\u201c&#8230;jag vill og\u00e4rna forts\u00e4tta att sj\u00e4lv driva dessa tv\u00e5 fr\u00e5gor utan att du och jag arbetar tillsammans\u201d<br \/>\u201dOm det \u00e4r n\u00e5gon hemma p\u00e5 UD vore det finfint om de vaknade till\u201d<\/p>\n<p><strong>Det \u00e4r i b\u00f6rjan av 2025.<\/strong> St\u00e4mningen p\u00e5 Somaliasektionen p\u00e5 Sveriges ambassad \u00e4r s\u00e5 usel att UD och Sida akut skickar ner tv\u00e5 inspekt\u00f6rer f\u00f6r att f\u00f6rs\u00f6ka reda ut samarbetsproblemen.<\/p>\n<p>Inspekt\u00f6rernas slutsats \u00e4r inte offentlig, men till grund f\u00f6r os\u00e4mjan ligger den \u00f6verenskommelse med Somalia, som Ekot tidigare har ber\u00e4ttat om, d\u00e4r Sverige lovat styra om bist\u00e5ndspengar, i utbyte mot att Somalia tar emot utvisade medborgare. <\/p>\n<p><strong>Men bara 40 miljoner har betalats ut<\/strong> och tiden g\u00e5r. Diskussionerna om var de resterande 60 kan s\u00e4ttas in \u00e4r intensiva.<\/p>\n<p>Somalierna kr\u00e4ver, enligt Ekots uppgifter, att pengarna ska placeras s\u00e5 att kretsen runt premi\u00e4rministern f\u00e5r ett \u00f6kat inflytande \u00f6ver dem.<\/p>\n<p><strong>Bist\u00e5ndschefen Anna Saleem H\u00f6gberg<\/strong> mailar sin chef.<\/p>\n<p>\u201cSom ansvarig bist\u00e5ndschef kommunicerade jag tidigt muntligt och i skrift, hur sv\u00e5rt detta skulle vara om vi samtidigt skulle h\u00e5lla oss till regelverket f\u00f6r bist\u00e5nd.\u201d<\/p>\n<p>F\u00f6rhandlarna fr\u00e5n Somalia, \u00e4r inte n\u00f6jda med f\u00f6rslagen, framg\u00e5r i mejl fr\u00e5n <strong>d\u00e5varande ambassad\u00f6ren Joachim Waern<\/strong>:<\/p>\n<p>\u201dSomalierna noterade f\u00f6rst\u00e5s att samtliga f\u00f6rslag som presenterades inte m\u00f6jliggjorde flexibilitet samt m\u00f6jlighet f\u00f6r dem att prioritera hur medlen ska anv\u00e4ndas\u2026.\u201d<\/p>\n<p>Han forts\u00e4tter:<br \/>\u201dDet \u00e4r liksom det som \u00e4r grejen, f\u00f6r oss att komma vidare i denna fr\u00e5ga\u201d<strong\/><\/p>\n<p>I mitten av mars \u00e4r personer p\u00e5 premi\u00e4rministerns kansli s\u00e5 missn\u00f6jda \u00f6ver att de inte f\u00e5r pengarna, att de meddelar att Somalia t\u00e4nker sluta ta emot utvisade medborgare.<\/p>\n<p>Dessutom, utvisas den svenska bist\u00e5ndschefen.<\/p>\n<p><strong>Det r\u00e5der krisst\u00e4mning,<\/strong> och det \u00e4r somalierna som kommer med f\u00f6rslaget, som till sist alla kan acceptera.<\/p>\n<p>Sverige ger 60 miljoner kronor till ett samarbete mellan FN-organet UNDP och den somaliska premi\u00e4rministerns kansli, som ska st\u00f6dja en nationell transformationsplan.<\/p>\n<p>Av budgeten framg\u00e5r att pengar bland annat ska g\u00e5 till att st\u00e4rka kapaciteter p\u00e5 just premi\u00e4rministerns kansli.<br \/><strong><br \/>Experter som tittat p\u00e5 projektet <\/strong>menar att det m\u00e4rks att det varit br\u00e5ttom, bland annat genom ovanligt otydliga m\u00e5l, och det beskrivs som ett h\u00f6griskprojekt.<\/p>\n<p>Men vart pengarna ska g\u00e5 \u00e4r tydligt, s\u00e4ger Torbj\u00f6rn Pettersson, tidigare avdelningschef p\u00e5 Sida:<\/p>\n<p><strong>\u2013 <\/strong>Pengarna ska ju enligt avtalet g\u00e5 fr\u00e5n UNDP till somaliska staten. Det \u00e4r ju hela syftet med programmet.<strong\/><\/p>\n<p>UNDP skriver i en kommentar att de har nolltolerans mot korruption och att de har kontroller f\u00f6r hur pengarna anv\u00e4nds. <\/p>\n<p>Varken d\u00e5varande ambassad\u00f6ren eller bist\u00e5ndschefen st\u00e4ller upp p\u00e5 intervju. <\/p>\n<p><strong>Anna Roxvall,\u00a0Johan Persson<br \/><\/strong><a class=\"internal-link\" target=\"_self\" href=\"https:\/\/www.sverigesradio.se\/artikel\/mailto:anna.roxvall@sverigesradio.se\" rel=\"nofollow noopener\"><strong>anna.roxvall@sverigesradio.se<\/strong><\/a><\/p>\n","protected":false},"excerpt":{"rendered":"\u201dJag ser inte att n\u00e5got av det \u00e4r g\u00f6rbart&#8230;\u201d\u201c&#8230;f\u00f6rutom det fullkomligt vansinniga i allt detta s\u00e5&#8230;\u201d\u201c&#8230;jag vill og\u00e4rna&hellip;\n","protected":false},"author":2,"featured_media":51056,"comment_status":"","ping_status":"","sticky":false,"template":"","format":"standard","meta":{"footnotes":""},"categories":[5],"tags":[22,23,789,790,791,786,26,27,788,17,21,801,194,24,25,787,28,29,15,16,792,793,794,795,800,796,797,798,803,18,34,111,31,33,785,32,30,19,20,802,83,804,799],"class_list":{"0":"post-51055","1":"post","2":"type-post","3":"status-publish","4":"format-standard","5":"has-post-thumbnail","7":"category-rubriker","8":"tag-breaking-news","9":"tag-breakingnews","10":"tag-direkt","11":"tag-direktsndning","12":"tag-direktsnt","13":"tag-ekot","14":"tag-featured-news","15":"tag-featurednews","16":"tag-hr","17":"tag-headlines","18":"tag-huvudnyheter","19":"tag-inrikesnyheter","20":"tag-kultur","21":"tag-latest-news","22":"tag-latestnews","23":"tag-lyssna","24":"tag-main-news","25":"tag-mainnews","26":"tag-news","27":"tag-nyheter","28":"tag-p1","29":"tag-p2","30":"tag-p3","31":"tag-p4","32":"tag-poddradio","33":"tag-public-service","34":"tag-radio-sweden","35":"tag-radioprogram","36":"tag-radiosporten","37":"tag-rubriker","38":"tag-se","39":"tag-sport","40":"tag-svenska","41":"tag-sverige","42":"tag-sveriges-radio","43":"tag-sweden","44":"tag-swedish","45":"tag-top-stories","46":"tag-topstories","47":"tag-utrikesnyheter","48":"tag-vetenskap","49":"tag-vetenskapsradion","50":"tag-webbradio"},"share_on_mastodon":{"url":"","error":""},"_links":{"self":[{"href":"https:\/\/www.europesays.com\/se\/wp-json\/wp\/v2\/posts\/51055","targetHints":{"allow":["GET"]}}],"collection":[{"href":"https:\/\/www.europesays.com\/se\/wp-json\/wp\/v2\/posts"}],"about":[{"href":"https:\/\/www.europesays.com\/se\/wp-json\/wp\/v2\/types\/post"}],"author":[{"embeddable":true,"href":"https:\/\/www.europesays.com\/se\/wp-json\/wp\/v2\/users\/2"}],"replies":[{"embeddable":true,"href":"https:\/\/www.europesays.com\/se\/wp-json\/wp\/v2\/comments?post=51055"}],"version-history":[{"count":0,"href":"https:\/\/www.europesays.com\/se\/wp-json\/wp\/v2\/posts\/51055\/revisions"}],"wp:featuredmedia":[{"embeddable":true,"href":"https:\/\/www.europesays.com\/se\/wp-json\/wp\/v2\/media\/51056"}],"wp:attachment":[{"href":"https:\/\/www.europesays.com\/se\/wp-json\/wp\/v2\/media?parent=51055"}],"wp:term":[{"taxonomy":"category","embeddable":true,"href":"https:\/\/www.europesays.com\/se\/wp-json\/wp\/v2\/categories?post=51055"},{"taxonomy":"post_tag","embeddable":true,"href":"https:\/\/www.europesays.com\/se\/wp-json\/wp\/v2\/tags?post=51055"}],"curies":[{"name":"wp","href":"https:\/\/api.w.org\/{rel}","templated":true}]}}