{"id":51061,"date":"2025-10-09T06:14:06","date_gmt":"2025-10-09T06:14:06","guid":{"rendered":"https:\/\/www.europesays.com\/se\/51061\/"},"modified":"2025-10-09T06:14:06","modified_gmt":"2025-10-09T06:14:06","slug":"sjalvmordsrisk-inom-byggbranschen-ska-forebyggas-forskare-kartlagger-risk-och-friskfaktorer","status":"publish","type":"post","link":"https:\/\/www.europesays.com\/se\/51061\/","title":{"rendered":"Sj\u00e4lvmordsrisk inom byggbranschen ska f\u00f6rebyggas \u2013 forskare kartl\u00e4gger risk- och friskfaktorer"},"content":{"rendered":"<p>\n          Pressmeddelande &#8211;<br \/>\n 9 Oktober 2025 08:00<\/p>\n<p>    Dela<\/p>\n<p>\n          L\u00e4nk kopierad!\n        <\/p>\n<p>          <a class=\"ghost-btn-with-icon svg-stroke\" rel=\"nofollow noopener\" aria-label=\"Ladda ned som PDF\" href=\"https:\/\/www.mynewsdesk.com\/se\/afa-forsakring\/pressreleases\/sjaelvmordsrisk-inom-byggbranschen-ska-foerebyggas-forskare-kartlaegger-risk-och-friskfaktorer-3408767.pdf\" target=\"_blank\"><\/p>\n<p>            Ladda ner<br \/>\n<\/a>      <\/p>\n<p>Den 10 oktober infaller V\u00e4rldsdagen f\u00f6r psykisk h\u00e4lsa. Byggnadsarbetare l\u00f6per h\u00f6g risk f\u00f6r psykisk oh\u00e4lsa och sj\u00e4lvmordsbeteende. Ett p\u00e5g\u00e5ende forskningsprojekt vid G\u00f6teborgs universitet kartl\u00e4gger arbetsmilj\u00f6faktorer f\u00f6r att st\u00e4rka det f\u00f6rebyggande arbetet och f\u00f6rb\u00e4ttra st\u00f6det f\u00f6r dem som \u00e4r i riskzonen.<\/p>\n<p>\u2013 Som l\u00e4kare m\u00f6ter jag byggarbetare n\u00e4r de s\u00f6ker f\u00f6r skador och kronisk sm\u00e4rta, men jag uppt\u00e4cker att m\u00e5nga av dem inte heller m\u00e5r bra psykiskt. 6 av 10 byggarbetare i Sverige upplever psykiska p\u00e5frestningar, s\u00e4ger Maria \u00c5berg, professor i allm\u00e4nmedicin vid G\u00f6teborgs universitet, som forskar om psykisk oh\u00e4lsa och suicidala beteenden bland byggarbetare.<\/p>\n<p>Tidiga insatser f\u00f6r \u00f6kad psykisk h\u00e4lsa ska minska sj\u00e4lvmordsrisken<\/p>\n<p>Projektet syftar till att kartl\u00e4gga risk- och friskfaktorer f\u00f6r psykisk oh\u00e4lsa, sjukfr\u00e5nvaro och sj\u00e4lvmordsbeteende hos byggarbetare. M\u00e5let \u00e4r att m\u00f6jligg\u00f6ra tidiga insatser och att identifiera skyddande faktorer som kan anv\u00e4ndas f\u00f6r att utforma f\u00f6rebyggande \u00e5tg\u00e4rder inom byggbranschen i Sverige.<\/p>\n<p>Projektet ing\u00e5r i det fler\u00e5riga FoU-programmet V\u00e4gen till psykisk h\u00e4lsa i arbetslivet, som finansieras av Afa F\u00f6rs\u00e4kring och Alecta.<\/p>\n<p>\u2013 V\u00e5r statistik visar tydligt att det beh\u00f6vs effektiva, evidensbaserade \u00e5tg\u00e4rder som st\u00f6ttar anst\u00e4llda att beh\u00e5lla arbetsf\u00f6rm\u00e5gan och \u00e5terg\u00e5 till arbetet vid psykisk oh\u00e4lsa, s\u00e4ger Ulrika Hektor, chef f\u00f6r FoU-avdelningen p\u00e5 Afa F\u00f6rs\u00e4kring. <\/p>\n<p>\u2013 Den h\u00e4r gemensamma satsningen med Alecta \u00e4r en unik m\u00f6jlighet att ge en samlad bild av l\u00e4get. Vi ser fram emot resultaten och hur de kan komma till praktisk nytta p\u00e5 svenska arbetsplatser.<\/p>\n<p>Yrkesgrupper med f\u00f6rh\u00f6jd suicidal risk inom bygg<\/p>\n<p>\u2013 Byggnadsarbetare har generellt en \u00f6kad risk f\u00f6r suicidalt beteende j\u00e4mf\u00f6rt med andra yrken. Vi ser det s\u00e4rskilt bland gjutare, svetsare, pl\u00e5tslagare, snickare och murare. Yrken inom installation och service, exempelvis el och elektronik, har d\u00e4remot l\u00e4gre risk, s\u00e4ger Maria \u00c5berg.<\/p>\n<p>Bidragande faktorer till suicidalt beteende <\/p>\n<p>Flera faktorer kan bidra till den \u00f6kade risken f\u00f6r suicidalt beteende bland byggnadsarbetare.<\/p>\n<p>\u2013 Kronisk sm\u00e4rta och ogynnsamma arbetsst\u00e4llningar som exempelvis tunga lyft, kan bidra var f\u00f6r sig till suicidalt beteende bland byggnadsarbetare. B\u00e5da \u00e4r p\u00e5verkbara riskfaktorer och b\u00f6r d\u00e4rf\u00f6r vara i fokus f\u00f6r framtida insatser t\u00e4nker jag, s\u00e4ger Maria \u00c5berg.<\/p>\n<p>Mansdominerad bransch med underrapporterad psykisk oh\u00e4lsa<\/p>\n<p>Byggbranschen har t\u00e4mligen h\u00f6g sjukfr\u00e5nvaro vilket beror mestadels p\u00e5 skador, kronisk sm\u00e4rta och fysiska sjukdomar, men psykiatriska diagnoser ses hos 15 procent enligt Maria \u00c5berg. <\/p>\n<p>\u2013 Sannolikt utg\u00f6r detta en underrapportering. Branschen \u00e4r mansdominerad och det \u00e4r vanligt att m\u00e4n inte s\u00f6ker hj\u00e4lp n\u00e4r de m\u00e5r psykiskt d\u00e5ligt. Vi vill komma l\u00e4ngre med att utr\u00f6na vem som \u00e4r i riskzonen och hur man kan f\u00f6rebygga den psykiska oh\u00e4lsan inom byggbranschen, s\u00e4ger hon. <\/p>\n<p>Resultat fr\u00e5n intervjustudie sammanst\u00e4lls<\/p>\n<p>Forskningsprojektet p\u00e5g\u00e5r fortfarande, men forskarna b\u00f6rjar redan nu sk\u00f6nja en del resultat. <\/p>\n<p>\u2013 Just nu sammanst\u00e4ller vi en intervjustudie som precis genomf\u00f6rts med byggnadsarbetare, chefer och fackliga ombud. I studien har vi fr\u00e5gat om deras erfarenheter kring vilka arbetsrelaterade faktorer och \u00e5tg\u00e4rder som f\u00f6rebygger psykisk oh\u00e4lsa. De resultaten kommer snart att vara klara, ber\u00e4ttar Maria \u00c5berg.<\/p>\n<p>Samarbetar med olika akt\u00f6rer f\u00f6r att utveckla verktyg<\/p>\n<p>\u2013 Projektet bedrivs i samarbete med byggindustrin, fackf\u00f6rbund, arbets- och milj\u00f6medicin och f\u00f6reningen Suicide Zero. M\u00e5let \u00e4r att utveckla ett verktyg f\u00f6r att hitta individer i riskzonen och utveckla en enkel handlingsplan. Dock m\u00e5ste vi genomf\u00f6ra en del grundforskning f\u00f6rst, s\u00e5 sj\u00e4lva verktyget kommer att utvecklas under den senare delen av projektet, s\u00e4ger Maria \u00c5berg.<\/p>\n<p>Mer information<\/p>\n<p>V\u00e4rldsdagen f\u00f6r psykisk h\u00e4lsa \u00e4r instiftad av World Federation for Mental Health f\u00f6r att uppm\u00e4rksamma psykisk h\u00e4lsa som en global angel\u00e4genhet och bryta det stigma som ofta omger psykisk oh\u00e4lsa. <\/p>\n<p><strong>Kontakt:<br \/><\/strong>Maria \u00c5berg, professor i allm\u00e4nmedicin, G\u00f6teborgs universitet: 0709-66 82 74, <a href=\"https:\/\/www.mynewsdesk.com\/se\/afa-forsakring\/pressreleases\/mailto:maria.aberg@gu.se\" rel=\"nofollow noopener\" target=\"_blank\">maria.aberg@gu.se<\/a>. <br \/>Linda Harling, pressansvarig, Afa F\u00f6rs\u00e4kring: 0730-96 35 12, <a href=\"https:\/\/www.mynewsdesk.com\/se\/afa-forsakring\/pressreleases\/mailto:linda.harling@afaforsakring.se\" rel=\"nofollow noopener\" target=\"_blank\">linda.harling@afaforsakring.se<\/a>.<\/p>\n","protected":false},"excerpt":{"rendered":"Pressmeddelande &#8211; 9 Oktober 2025 08:00 Dela L\u00e4nk kopierad! Ladda ner Den 10 oktober infaller V\u00e4rldsdagen f\u00f6r psykisk&hellip;\n","protected":false},"author":2,"featured_media":51062,"comment_status":"","ping_status":"","sticky":false,"template":"","format":"standard","meta":{"footnotes":""},"categories":[69],"tags":[4908,5039,5038,632,113,112,34,31,33,32,30],"class_list":{"0":"post-51061","1":"post","2":"type-post","3":"status-publish","4":"format-standard","5":"has-post-thumbnail","7":"category-halsa","8":"tag-afaforsakring-se","9":"tag-arbetsmiljo-och-halsa","10":"tag-forebygg-arbetsskador-och-sjukfranvaro","11":"tag-forskning","12":"tag-halsa","13":"tag-health","14":"tag-se","15":"tag-svenska","16":"tag-sverige","17":"tag-sweden","18":"tag-swedish"},"share_on_mastodon":{"url":"","error":""},"_links":{"self":[{"href":"https:\/\/www.europesays.com\/se\/wp-json\/wp\/v2\/posts\/51061","targetHints":{"allow":["GET"]}}],"collection":[{"href":"https:\/\/www.europesays.com\/se\/wp-json\/wp\/v2\/posts"}],"about":[{"href":"https:\/\/www.europesays.com\/se\/wp-json\/wp\/v2\/types\/post"}],"author":[{"embeddable":true,"href":"https:\/\/www.europesays.com\/se\/wp-json\/wp\/v2\/users\/2"}],"replies":[{"embeddable":true,"href":"https:\/\/www.europesays.com\/se\/wp-json\/wp\/v2\/comments?post=51061"}],"version-history":[{"count":0,"href":"https:\/\/www.europesays.com\/se\/wp-json\/wp\/v2\/posts\/51061\/revisions"}],"wp:featuredmedia":[{"embeddable":true,"href":"https:\/\/www.europesays.com\/se\/wp-json\/wp\/v2\/media\/51062"}],"wp:attachment":[{"href":"https:\/\/www.europesays.com\/se\/wp-json\/wp\/v2\/media?parent=51061"}],"wp:term":[{"taxonomy":"category","embeddable":true,"href":"https:\/\/www.europesays.com\/se\/wp-json\/wp\/v2\/categories?post=51061"},{"taxonomy":"post_tag","embeddable":true,"href":"https:\/\/www.europesays.com\/se\/wp-json\/wp\/v2\/tags?post=51061"}],"curies":[{"name":"wp","href":"https:\/\/api.w.org\/{rel}","templated":true}]}}