{"id":51095,"date":"2025-10-09T06:55:19","date_gmt":"2025-10-09T06:55:19","guid":{"rendered":"https:\/\/www.europesays.com\/se\/51095\/"},"modified":"2025-10-09T06:55:19","modified_gmt":"2025-10-09T06:55:19","slug":"bergvall-hyllas-i-mittfaltsduellen-all-eloge","status":"publish","type":"post","link":"https:\/\/www.europesays.com\/se\/51095\/","title":{"rendered":"Bergvall hyllas i mittf\u00e4ltsduellen: \u201dAll eloge\u201d"},"content":{"rendered":"<p class=\"sc-c25743f0-0 sc-e37c0145-2 hObFds DQgPn\">Mittf\u00e4ltskampen i herrlandslaget under Jon Dahl Tomasson \u00e4r h\u00e5rd. <\/p>\n<p class=\"sc-c25743f0-0 sc-e37c0145-2 hObFds DQgPn\">Det finns tre platser i startelvan som senast Anton Saletros, Hugo Larsson och Yasin Ayari tog hand om. Varken Serie A-lagkaptenen Jesper Karlstr\u00f6m eller Tottenhams supertalang Lucas Bergvall, 19, fick en enda minut under septembersamlingen mot Slovenien och Kosovo.<\/p>\n<p class=\"sc-c25743f0-0 sc-e37c0145-2 hObFds DQgPn\">Den sistn\u00e4mnde har sedan 0\u20132-fiaskot mot Kosovo i VM-kvalet gjort sitt f\u00f6rsta Premier League-m\u00e5l, cementerat sig i startelvan och blivit utsedd till omg\u00e5ngens spelare.<\/p>\n<p class=\"sc-c25743f0-0 sc-e37c0145-2 hObFds DQgPn\">Men Lucas Bergvall s\u00e4ger inte mycket om bristen p\u00e5 speltid. <\/p>\n<blockquote class=\"sc-ddd94871-1 eYgDSD\">\n<p class=\"sc-c25743f0-0 sc-e37c0145-2 hObFds DQgPn\">Det \u00e4r otroligt bra spelare som presterar vecka ut och vecka in i toppligorna, sedan \u00e4r det alltid upp till Jon (Dahl Tomasson) vilka som spelar, men det \u00e4r otroligt bra spelare, s\u00e4ger Bergvall om konkurrensen. <\/p>\n<\/blockquote>\n<blockquote class=\"sc-ddd94871-1 eYgDSD\">\n<p class=\"sc-c25743f0-0 sc-e37c0145-2 hObFds DQgPn\">Ibland spelar man, ibland spelar man inte, upprepar han. <\/p>\n<\/blockquote>\n<p>\u201dInte optimalt f\u00f6r gruppen\u201d<\/p>\n<p class=\"sc-c25743f0-0 sc-e37c0145-2 hObFds DQgPn\">En som har god erfarenhet av en ordentligt mittf\u00e4ltskamp \u00e4r den tidigare landslagsspelaren Anders Andersson, numera tv-expert p\u00e5 HBO Max.<\/p>\n<p class=\"sc-c25743f0-0 sc-e37c0145-2 hObFds DQgPn\">Under EM 2004 konkurrerade han med Tobias Linderoth om den defensiva rollen p\u00e5 mittf\u00e4ltet. Duellen om den offensiva rollen, som stod mellan Anders Svensson och Kim K\u00e4llstr\u00f6m, var t\u00e4t. Supportrar och kr\u00f6nik\u00f6rer hade alla starka \u00e5sikter. <\/p>\n<blockquote class=\"sc-ddd94871-1 eYgDSD\">\n<p class=\"sc-c25743f0-0 sc-e37c0145-2 hObFds DQgPn\">Det blev s\u00e5 himla mycket skriverier om det d\u00e4r av olika anledningar, och det \u00e4r klart att det inte var optimalt f\u00f6r gruppen. Man kan s\u00e4ga vad man vill, att man f\u00f6rs\u00f6ker att inte bry sig, men det \u00e4r klart att man g\u00f6r, s\u00e4ger Andersson. <\/p>\n<\/blockquote>\n<p>Annat klimat nu<\/p>\n<p class=\"sc-c25743f0-0 sc-e37c0145-2 hObFds DQgPn\">\u00c4ven om konkurrensen \u00e4r h\u00e5rd i dag, \u00e4r det l\u00e5ngt ifr\u00e5n samma klimat som d\u00e5. <\/p>\n<blockquote class=\"sc-ddd94871-1 eYgDSD\">\n<p class=\"sc-c25743f0-0 sc-e37c0145-2 hObFds DQgPn\">Jag tycker att Bergvall nu senast, n\u00e4r han inte fick spela en minut, ska ha all eloge. Jag s\u00e5g inte mycket negativt fr\u00e5n honom om det. Det \u00e4r bra att man inte f\u00f6rs\u00f6ker sprida den negativa st\u00e4mningen sj\u00e4lv, utan att man tar det internt, s\u00e4ger Anders Andersson. <\/p>\n<\/blockquote>\n<blockquote class=\"sc-ddd94871-1 eYgDSD\">\n<p class=\"sc-c25743f0-0 sc-e37c0145-2 hObFds DQgPn\">Det \u00e4r tr\u00e5kigt f\u00f6r journalisterna, men det \u00e4r v\u00e4ldigt bra f\u00f6r gruppen.<\/p>\n<\/blockquote>\n<p class=\"sc-c25743f0-0 sc-e37c0145-2 hObFds DQgPn\">Sj\u00e4lv f\u00f6rst\u00e5r han att n\u00e5gon av de unga spelarna kommer att sitta p\u00e5 b\u00e4nken. Det \u00e4r oundvikligt om man vill ha en defensiv balans, menar Andersson. I st\u00e4ller tror han att Jesper Karlstr\u00f6m kan f\u00e5 chansen fr\u00e5n start i fredagens viktiga VM-kval hemma mot Schweiz.<\/p>\n<blockquote class=\"sc-ddd94871-1 eYgDSD\">\n<p class=\"sc-c25743f0-0 sc-e37c0145-2 hObFds DQgPn\">Han \u00e4r lite mer av en defensiv mittf\u00e4ltare och d\u00e5 tror jag att man f\u00e5r offra en av de andra spelarna f\u00f6r att balansen ska bli b\u00e4ttre.<\/p>\n<\/blockquote>\n<p class=\"sc-c25743f0-0 sc-c5cf8a87-2 joNBdL gFLDso\">Fakta: Anders Andersson<\/p>\n<p class=\"sc-c25743f0-0 sc-e37c0145-2 hObFds DQgPn\">F\u00f6dd: 14 mars 1974 (51 \u00e5r).<\/p>\n<p class=\"sc-c25743f0-0 sc-e37c0145-2 hObFds DQgPn\">A-landskamper\/m\u00e5l: 27\/3.<\/p>\n<p class=\"sc-c25743f0-0 sc-e37c0145-2 hObFds DQgPn\">M\u00e4sterskap: EM 2002 och 2004. <\/p>\n<p class=\"sc-c25743f0-0 sc-e37c0145-2 hObFds DQgPn\">Landslagsdebut: 14 februari 1994 mot Mexiko (2\u20131).<\/p>\n<p class=\"sc-c25743f0-0 sc-e37c0145-2 hObFds DQgPn\">Klubbar: Svenstorps IF, Malm\u00f6 FF, Blackburn Rovers, Aalborg, Benfica, Belenenses, Malm\u00f6 FF. <\/p>\n<p class=\"sc-c25743f0-0 sc-c5cf8a87-2 joNBdL gFLDso\">Fakta: Mittf\u00e4ltsduellen i herrlandslaget<\/p>\n<p class=\"sc-c25743f0-0 sc-e37c0145-2 hObFds DQgPn\">Senast i VM-kvalet startade Anton Sal\u00e9tros, AIK, Hugo Larsson, Eintracht Frankfurt och Yasin Ayari, Brighton, p\u00e5 landslagets tremannamittf\u00e4lt.<\/p>\n<p class=\"sc-c25743f0-0 sc-e37c0145-2 hObFds DQgPn\">P\u00e5 b\u00e4nken satt Jesper Karlstr\u00f6m, Udinese och Lucas Bergvall, Tottenham.<\/p>\n<p class=\"sc-c25743f0-0 sc-e37c0145-2 hObFds DQgPn\">Alla fem \u00e4r uttagna till matcherna i VM-kvalet mot Schweiz (fredag) och Kosovo (m\u00e5ndag).  <\/p>\n","protected":false},"excerpt":{"rendered":"Mittf\u00e4ltskampen i herrlandslaget under Jon Dahl Tomasson \u00e4r h\u00e5rd. Det finns tre platser i startelvan som senast Anton&hellip;\n","protected":false},"author":2,"featured_media":51096,"comment_status":"","ping_status":"","sticky":false,"template":"","format":"standard","meta":{"footnotes":""},"categories":[68],"tags":[34,111,110,31,33,32,30],"class_list":{"0":"post-51095","1":"post","2":"type-post","3":"status-publish","4":"format-standard","5":"has-post-thumbnail","7":"category-sport","8":"tag-se","9":"tag-sport","10":"tag-sports","11":"tag-svenska","12":"tag-sverige","13":"tag-sweden","14":"tag-swedish"},"share_on_mastodon":{"url":"","error":""},"_links":{"self":[{"href":"https:\/\/www.europesays.com\/se\/wp-json\/wp\/v2\/posts\/51095","targetHints":{"allow":["GET"]}}],"collection":[{"href":"https:\/\/www.europesays.com\/se\/wp-json\/wp\/v2\/posts"}],"about":[{"href":"https:\/\/www.europesays.com\/se\/wp-json\/wp\/v2\/types\/post"}],"author":[{"embeddable":true,"href":"https:\/\/www.europesays.com\/se\/wp-json\/wp\/v2\/users\/2"}],"replies":[{"embeddable":true,"href":"https:\/\/www.europesays.com\/se\/wp-json\/wp\/v2\/comments?post=51095"}],"version-history":[{"count":0,"href":"https:\/\/www.europesays.com\/se\/wp-json\/wp\/v2\/posts\/51095\/revisions"}],"wp:featuredmedia":[{"embeddable":true,"href":"https:\/\/www.europesays.com\/se\/wp-json\/wp\/v2\/media\/51096"}],"wp:attachment":[{"href":"https:\/\/www.europesays.com\/se\/wp-json\/wp\/v2\/media?parent=51095"}],"wp:term":[{"taxonomy":"category","embeddable":true,"href":"https:\/\/www.europesays.com\/se\/wp-json\/wp\/v2\/categories?post=51095"},{"taxonomy":"post_tag","embeddable":true,"href":"https:\/\/www.europesays.com\/se\/wp-json\/wp\/v2\/tags?post=51095"}],"curies":[{"name":"wp","href":"https:\/\/api.w.org\/{rel}","templated":true}]}}