{"id":51105,"date":"2025-10-09T07:21:08","date_gmt":"2025-10-09T07:21:08","guid":{"rendered":"https:\/\/www.europesays.com\/se\/51105\/"},"modified":"2025-10-09T07:21:08","modified_gmt":"2025-10-09T07:21:08","slug":"dom-meddelas-i-mal-om-mord-i-parkeringshus-i-goteborg","status":"publish","type":"post","link":"https:\/\/www.europesays.com\/se\/51105\/","title":{"rendered":"Dom meddelas i m\u00e5l om mord i parkeringshus i G\u00f6teborg"},"content":{"rendered":"<p class=\"preamble mt-6 text-lg md:text-2xl\">&#13;<br \/>\n                    Fredag den 10 oktober kl. 11 meddelar Hovr\u00e4tten f\u00f6r V\u00e4stra Sverige dom i m\u00e5let d\u00e4r en 26-\u00e5rig man sk\u00f6ts ihj\u00e4l i ett parkeringshus i G\u00f6teborg i juni 2024. Fyra m\u00e4n \u00e5talades i juni 2025 f\u00f6r inblandning i mordet. Tre av dem d\u00f6mdes av tingsr\u00e4tten f\u00f6r medhj\u00e4lp till mord och den fj\u00e4rde d\u00f6mdes bland annat f\u00f6r grovt skyddande av brottsling. \u00c5klagaren \u00e4r tillg\u00e4nglig p\u00e5 fredag eftermiddag.&#13;\n                <\/p>\n","protected":false},"excerpt":{"rendered":"&#13; Fredag den 10 oktober kl. 11 meddelar Hovr\u00e4tten f\u00f6r V\u00e4stra Sverige dom i m\u00e5let d\u00e4r en 26-\u00e5rig&hellip;\n","protected":false},"author":2,"featured_media":5946,"comment_status":"","ping_status":"","sticky":false,"template":"","format":"standard","meta":{"footnotes":""},"categories":[12],"tags":[980,979,22,23,26,27,17,21,24,25,28,29,15,16,18,34,31,33,32,30,19,20],"class_list":{"0":"post-51105","1":"post","2":"type-post","3":"status-publish","4":"format-standard","5":"has-post-thumbnail","7":"category-sverige","8":"tag-klagarmyndigheten","9":"tag-klagare","10":"tag-breaking-news","11":"tag-breakingnews","12":"tag-featured-news","13":"tag-featurednews","14":"tag-headlines","15":"tag-huvudnyheter","16":"tag-latest-news","17":"tag-latestnews","18":"tag-main-news","19":"tag-mainnews","20":"tag-news","21":"tag-nyheter","22":"tag-rubriker","23":"tag-se","24":"tag-svenska","25":"tag-sverige","26":"tag-sweden","27":"tag-swedish","28":"tag-top-stories","29":"tag-topstories"},"share_on_mastodon":{"url":"","error":""},"_links":{"self":[{"href":"https:\/\/www.europesays.com\/se\/wp-json\/wp\/v2\/posts\/51105","targetHints":{"allow":["GET"]}}],"collection":[{"href":"https:\/\/www.europesays.com\/se\/wp-json\/wp\/v2\/posts"}],"about":[{"href":"https:\/\/www.europesays.com\/se\/wp-json\/wp\/v2\/types\/post"}],"author":[{"embeddable":true,"href":"https:\/\/www.europesays.com\/se\/wp-json\/wp\/v2\/users\/2"}],"replies":[{"embeddable":true,"href":"https:\/\/www.europesays.com\/se\/wp-json\/wp\/v2\/comments?post=51105"}],"version-history":[{"count":0,"href":"https:\/\/www.europesays.com\/se\/wp-json\/wp\/v2\/posts\/51105\/revisions"}],"wp:featuredmedia":[{"embeddable":true,"href":"https:\/\/www.europesays.com\/se\/wp-json\/wp\/v2\/media\/5946"}],"wp:attachment":[{"href":"https:\/\/www.europesays.com\/se\/wp-json\/wp\/v2\/media?parent=51105"}],"wp:term":[{"taxonomy":"category","embeddable":true,"href":"https:\/\/www.europesays.com\/se\/wp-json\/wp\/v2\/categories?post=51105"},{"taxonomy":"post_tag","embeddable":true,"href":"https:\/\/www.europesays.com\/se\/wp-json\/wp\/v2\/tags?post=51105"}],"curies":[{"name":"wp","href":"https:\/\/api.w.org\/{rel}","templated":true}]}}