{"id":51106,"date":"2025-10-09T07:22:07","date_gmt":"2025-10-09T07:22:07","guid":{"rendered":"https:\/\/www.europesays.com\/se\/51106\/"},"modified":"2025-10-09T07:22:07","modified_gmt":"2025-10-09T07:22:07","slug":"manga-hamstrar-pengar-i-onodan","status":"publish","type":"post","link":"https:\/\/www.europesays.com\/se\/51106\/","title":{"rendered":"M\u00e5nga hamstrar pengar i on\u00f6dan"},"content":{"rendered":"<p>Boken Die with zero av Bill Perkins fr\u00e5n 2020 uppmanar till att maxa upplevelser i\u202fst\u00e4llet f\u00f6r att d\u00f6 med ett \u00f6verfl\u00f6d av pengar. <\/p>\n<p>Boken har v\u00e4ckt debatt, och fondspartj\u00e4nsten Optis s\u00e5 kallade sparspsykolog Niklas Laninge uppmanar att ta r\u00e5den mer som inspiration \u00e4n regelr\u00e4tt sanning. Samtidigt k\u00e4nns de sparsamma m\u00f6nstren igen bland bolagets kunder, s\u00e4ger han till DN.<\/p>\n<p>\u2013 Det \u00e4r m\u00e5nga som riskerar att bli rikast p\u00e5 kyrkog\u00e5rden. M\u00e5nga av v\u00e5ra \u00e4ldre kunder \u00e4r v\u00e4ldigt f\u00f6rm\u00f6gna och de l\u00e4mnar efter sig rej\u00e4lt mycket kapital, s\u00e4ger han. <\/p>\n<p>Omni \u00e4r politiskt obundna och oberoende. Vi str\u00e4var efter att ge fler perspektiv p\u00e5 nyheterna. Har du fr\u00e5gor eller synpunkter kring v\u00e5r rapportering? <a href=\"https:\/\/omni.se\/sparspykolog-manga-hamstrar-pengar-i-onodan\/a\/mailto:redaktion@omni.se\" class=\"ArticleActions_contactLink__W2F1M\" rel=\"nofollow noopener\" target=\"_blank\">Kontakta redaktionen<\/a><\/p>\n","protected":false},"excerpt":{"rendered":"Boken Die with zero av Bill Perkins fr\u00e5n 2020 uppmanar till att maxa upplevelser i\u202fst\u00e4llet f\u00f6r att d\u00f6&hellip;\n","protected":false},"author":2,"featured_media":51107,"comment_status":"","ping_status":"","sticky":false,"template":"","format":"standard","meta":{"footnotes":""},"categories":[5],"tags":[338,22,23,26,27,339,5040,17,21,24,25,28,29,15,16,18,34,1142,467,31,33,32,30,19,20],"class_list":{"0":"post-51106","1":"post","2":"type-post","3":"status-publish","4":"format-standard","5":"has-post-thumbnail","7":"category-rubriker","8":"tag-bank","9":"tag-breaking-news","10":"tag-breakingnews","11":"tag-featured-news","12":"tag-featurednews","13":"tag-finans-forsakring","14":"tag-fonder","15":"tag-headlines","16":"tag-huvudnyheter","17":"tag-latest-news","18":"tag-latestnews","19":"tag-main-news","20":"tag-mainnews","21":"tag-news","22":"tag-nyheter","23":"tag-rubriker","24":"tag-se","25":"tag-sparande","26":"tag-stockholmsborsen","27":"tag-svenska","28":"tag-sverige","29":"tag-sweden","30":"tag-swedish","31":"tag-top-stories","32":"tag-topstories"},"share_on_mastodon":{"url":"","error":""},"_links":{"self":[{"href":"https:\/\/www.europesays.com\/se\/wp-json\/wp\/v2\/posts\/51106","targetHints":{"allow":["GET"]}}],"collection":[{"href":"https:\/\/www.europesays.com\/se\/wp-json\/wp\/v2\/posts"}],"about":[{"href":"https:\/\/www.europesays.com\/se\/wp-json\/wp\/v2\/types\/post"}],"author":[{"embeddable":true,"href":"https:\/\/www.europesays.com\/se\/wp-json\/wp\/v2\/users\/2"}],"replies":[{"embeddable":true,"href":"https:\/\/www.europesays.com\/se\/wp-json\/wp\/v2\/comments?post=51106"}],"version-history":[{"count":0,"href":"https:\/\/www.europesays.com\/se\/wp-json\/wp\/v2\/posts\/51106\/revisions"}],"wp:featuredmedia":[{"embeddable":true,"href":"https:\/\/www.europesays.com\/se\/wp-json\/wp\/v2\/media\/51107"}],"wp:attachment":[{"href":"https:\/\/www.europesays.com\/se\/wp-json\/wp\/v2\/media?parent=51106"}],"wp:term":[{"taxonomy":"category","embeddable":true,"href":"https:\/\/www.europesays.com\/se\/wp-json\/wp\/v2\/categories?post=51106"},{"taxonomy":"post_tag","embeddable":true,"href":"https:\/\/www.europesays.com\/se\/wp-json\/wp\/v2\/tags?post=51106"}],"curies":[{"name":"wp","href":"https:\/\/api.w.org\/{rel}","templated":true}]}}