{"id":51108,"date":"2025-10-09T07:24:09","date_gmt":"2025-10-09T07:24:09","guid":{"rendered":"https:\/\/www.europesays.com\/se\/51108\/"},"modified":"2025-10-09T07:24:09","modified_gmt":"2025-10-09T07:24:09","slug":"therese-johaug-fick-gravidchock-javlas-du-med-mig-langdskidor","status":"publish","type":"post","link":"https:\/\/www.europesays.com\/se\/51108\/","title":{"rendered":"Therese Johaug fick gravidchock: \u201dJ\u00e4vlas du med mig?\u201d | L\u00e4ngdskidor"},"content":{"rendered":"<p>Publicerad 9 okt 2025 kl 07.51Uppdaterad kl 08.18<\/p>\n<p>Therese Johaug b\u00f6rjade bli mentalt redo f\u00f6r OS 2026.\u00a0<\/p>\n<p>D\u00e5 kom chockbeskedet som omkullkastade planerna \u2013 skidstj\u00e4rnan var gravid igen.\u00a0<\/p>\n<p>\u2013 Jag fick tusen tankar i huvudet. D\u00e5 blir det inte OS, s\u00e4ger Johaug i podcasten \u201dGukild &amp; Johaug\u201d.<\/p>\n<p><img loading=\"lazy\"   alt=\"\"\/><\/p>\n<p>Therese Johaug.<\/p>\n<p>Foto: MAXIM THORE \/ BILDBYR\u00c5N<\/p>\n<p>\u00d6ppna bild i helsk\u00e4rm<img loading=\"lazy\"   alt=\"\"\/><\/p>\n<p>Therese Johaug b\u00f6rjade bli mentalt redo f\u00f6r OS 2026.<\/p>\n<p>Foto: PETTER ARVIDSON \/ BILDBYR\u00c5N<\/p>\n<p>\u00d6ppna bild i helsk\u00e4rm<img loading=\"lazy\"   alt=\"\"\/> <\/p>\n<p>Foto: MAXIM THORE \/ BILDBYR\u00c5N<\/p>\n<p>\u00d6ppna bild i helsk\u00e4rm<\/p>\n<p>I maj kom <a href=\"https:\/\/www.expressen.se\/tagg\/person\/therese-johaug\/\" class=\"\" rel=\"nofollow noopener\" target=\"_blank\">Therese Johaugs<\/a> besked \u2013 skidstj\u00e4rnan l\u00e4gger ner karri\u00e4ren igen. M\u00e5nga norska fans hade nog hoppats att hon skulle forts\u00e4tta \u00f6ver OS i vinter, men s\u00e5 blev det allts\u00e5 inte.\u00a0<\/p>\n<p>N\u00e5gra veckor senare motiverade Johaug sitt beslut f\u00f6r <a href=\"https:\/\/www.expressen.se\/sport\/langdskidor\/therese-johaugs-beslut--nar-hon-blev-radd-for-sitt-eget-barn\/\" rel=\"nofollow noopener\" target=\"_blank\">Expressen<\/a> med att satsningen mot VM tagit f\u00f6r mycket p\u00e5 krafterna:\u00a0<\/p>\n<p>\u2013 Under p\u00e5sken k\u00e4nde jag bara: \u201dfy, det h\u00e4r har kostat\u201d. Det k\u00e4ndes som att jag hade blivit k\u00f6rd i en torktumlare. Jag var otroligt sliten i b\u00e5de kropp och huvud. D\u00e5 sa jag till mig sj\u00e4lv: \u201dfy fan, jag orkar inte ett OS\u201d.<\/p>\n<p>Det visar sig nu ha varit en vit l\u00f6gn. F\u00f6r redan d\u00e5 visste Therese Johaug att hon var gravid. Och det var graviditeten som satte k\u00e4ppar i hjulet f\u00f6r den fortsatta satsningen.\u00a0<\/p>\n<p>I podden \u201dGukild &amp; Johaug\u201d, som den forna skiddrottningen har med skidprofilen Emil Gukild, ber\u00e4ttar hon om sin reaktion n\u00e4r hon ins\u00e5g att hon var gravid.\u00a0<\/p>\n<p>\u2013 Jag bara: \u201dhej, j\u00e4vlas du med mig?\u201d. Det kastades rakt i ansiktet p\u00e5 mig. Jag bara \u201dhj\u00e4lp, hj\u00e4lp\u201d och fick tusen tankar i huvudet. D\u00e5 blir det inte OS, liksom, s\u00e4ger Johaug i podden, enligt <a href=\"https:\/\/www.vg.no\/sport\/i\/RzJmer\/therese-johaug-avsloerer-ville-gaa-ol-ble-overrasket-over-gravid-svar-hjelp-hjelp\" rel=\"nofollow noopener\" target=\"_blank\">VG<\/a>.<\/p>\n<p>En \u00f6verraskning f\u00f6r paret<\/p>\n<p>Ja, graviditeten kom som en \u00f6verraskning.\u00a0<\/p>\n<p>Under v\u00e5ren k\u00e4nde hon att allt inte var som det skulle. Tr\u00e4ningarna gick tyngre och till slut h\u00f6rde hon av sig till sin tr\u00e4nare P\u00e5l Gunnar Mikkelsplass.<\/p>\n<p>\u2013 Jag ringde P\u00e5l Gunnar och gr\u00e4t. Jag sa bara: \u201dNu har jag blivit galen, jag k\u00e4nner inte igen min kropp.\u201d<\/p>\n<p>Hon blev uppmanad att ta alla m\u00f6jliga tester. Och ett test kom tillbaka positivt: graviditetstestet. Ett \u00f6verraskande besked \u00e4ven f\u00f6r maken Nils Jakob Hoff.<\/p>\n<p>\u2013 Han trodde att det skulle bli en lugn och fridfull period. Vi var glada, absolut, men det var inte planerat, s\u00e4ger Johaug i podden och skrattar.<\/p>\n<p><strong>L\u00c4S MER: <\/strong><a href=\"https:\/\/www.expressen.se\/sport\/langdskidor\/therese-johaugs-beslut--nar-hon-blev-radd-for-sitt-eget-barn\/\" class=\"\" rel=\"nofollow noopener\" target=\"_blank\">Therese Johaugs beslut \u2013 blev r\u00e4dd f\u00f6r sitt eget barn<\/a><\/p>\n","protected":false},"excerpt":{"rendered":"Publicerad 9 okt 2025 kl 07.51Uppdaterad kl 08.18 Therese Johaug b\u00f6rjade bli mentalt redo f\u00f6r OS 2026.\u00a0 D\u00e5&hellip;\n","protected":false},"author":2,"featured_media":51109,"comment_status":"","ping_status":"","sticky":false,"template":"","format":"standard","meta":{"footnotes":""},"categories":[68],"tags":[2892,34,857,111,110,31,33,32,30],"class_list":{"0":"post-51108","1":"post","2":"type-post","3":"status-publish","4":"format-standard","5":"has-post-thumbnail","7":"category-sport","8":"tag-person-therese-johaug","9":"tag-se","10":"tag-sections-langdskidor","11":"tag-sport","12":"tag-sports","13":"tag-svenska","14":"tag-sverige","15":"tag-sweden","16":"tag-swedish"},"share_on_mastodon":{"url":"","error":""},"_links":{"self":[{"href":"https:\/\/www.europesays.com\/se\/wp-json\/wp\/v2\/posts\/51108","targetHints":{"allow":["GET"]}}],"collection":[{"href":"https:\/\/www.europesays.com\/se\/wp-json\/wp\/v2\/posts"}],"about":[{"href":"https:\/\/www.europesays.com\/se\/wp-json\/wp\/v2\/types\/post"}],"author":[{"embeddable":true,"href":"https:\/\/www.europesays.com\/se\/wp-json\/wp\/v2\/users\/2"}],"replies":[{"embeddable":true,"href":"https:\/\/www.europesays.com\/se\/wp-json\/wp\/v2\/comments?post=51108"}],"version-history":[{"count":0,"href":"https:\/\/www.europesays.com\/se\/wp-json\/wp\/v2\/posts\/51108\/revisions"}],"wp:featuredmedia":[{"embeddable":true,"href":"https:\/\/www.europesays.com\/se\/wp-json\/wp\/v2\/media\/51109"}],"wp:attachment":[{"href":"https:\/\/www.europesays.com\/se\/wp-json\/wp\/v2\/media?parent=51108"}],"wp:term":[{"taxonomy":"category","embeddable":true,"href":"https:\/\/www.europesays.com\/se\/wp-json\/wp\/v2\/categories?post=51108"},{"taxonomy":"post_tag","embeddable":true,"href":"https:\/\/www.europesays.com\/se\/wp-json\/wp\/v2\/tags?post=51108"}],"curies":[{"name":"wp","href":"https:\/\/api.w.org\/{rel}","templated":true}]}}