{"id":51120,"date":"2025-10-09T07:40:09","date_gmt":"2025-10-09T07:40:09","guid":{"rendered":"https:\/\/www.europesays.com\/se\/51120\/"},"modified":"2025-10-09T07:40:09","modified_gmt":"2025-10-09T07:40:09","slug":"8-sidor-en-till-misstankt-efter-skjutning","status":"publish","type":"post","link":"https:\/\/www.europesays.com\/se\/51120\/","title":{"rendered":"8 Sidor &#8211; En till misst\u00e4nkt efter skjutning"},"content":{"rendered":"<p>Poliser s\u00f6ker efter bevis i omr\u00e5det d\u00e4r sex personer skadades i en skjutning natten till l\u00f6rdag. Foto: Jonas Ekstr\u00f6mer\/TT<\/p>\n<p>Poliserna misst\u00e4nker en till<br \/>person efter helgens<br \/>skjutning i G\u00e4vle.<\/p>\n<p>Poliserna tror att personen kan<br \/>ha hj\u00e4lpt till med skjutningen.<br \/>Personen ska vara \u00f6ver 15 \u00e5r.<\/p>\n<p>\u00c5klagaren som leder unders\u00f6kningen<br \/>vill inte s\u00e4ga mer \u00e4n s\u00e5.<br \/>Han vill prata med personen f\u00f6rst.<\/p>\n<p>Sex unga personer<br \/>blev skadade i skjutningen.<br \/>De tr\u00e4ffades av skott i benen.<\/p>\n<p>Poliserna har sedan tidigare<br \/>tagit fast en pojke.<br \/>Han var 13 \u00e5r<br \/>d\u00e5 skjutningen h\u00e4nde.<br \/>Han har nu fyllt 14 \u00e5r.<\/p>\n<p>Socialtj\u00e4nsten hade best\u00e4mt<br \/>samma dag att myndigheterna<br \/>skulle ta hand om pojken.<br \/>Fyra timmar senare<br \/>h\u00e4nde skjutningen.<\/p>\n<p>Poliserna har sagt att de<br \/>som blev skjutna inte var<br \/>de personerna som<br \/>den misst\u00e4nkta skytten<br \/>hade t\u00e4nkt skjuta.<\/p>\n<p>Poliserna tror ocks\u00e5<br \/>att skjutningen har med g\u00e4ng<br \/>med brottslingar att g\u00f6ra.<\/p>\n<p>8 SIDOR\/TT<\/p>\n","protected":false},"excerpt":{"rendered":"Poliser s\u00f6ker efter bevis i omr\u00e5det d\u00e4r sex personer skadades i en skjutning natten till l\u00f6rdag. Foto: Jonas&hellip;\n","protected":false},"author":2,"featured_media":51121,"comment_status":"","ping_status":"","sticky":false,"template":"","format":"standard","meta":{"footnotes":""},"categories":[5],"tags":[22,23,26,27,17,21,24,25,28,29,15,16,18,34,31,33,32,30,19,20],"class_list":{"0":"post-51120","1":"post","2":"type-post","3":"status-publish","4":"format-standard","5":"has-post-thumbnail","7":"category-rubriker","8":"tag-breaking-news","9":"tag-breakingnews","10":"tag-featured-news","11":"tag-featurednews","12":"tag-headlines","13":"tag-huvudnyheter","14":"tag-latest-news","15":"tag-latestnews","16":"tag-main-news","17":"tag-mainnews","18":"tag-news","19":"tag-nyheter","20":"tag-rubriker","21":"tag-se","22":"tag-svenska","23":"tag-sverige","24":"tag-sweden","25":"tag-swedish","26":"tag-top-stories","27":"tag-topstories"},"share_on_mastodon":{"url":"","error":""},"_links":{"self":[{"href":"https:\/\/www.europesays.com\/se\/wp-json\/wp\/v2\/posts\/51120","targetHints":{"allow":["GET"]}}],"collection":[{"href":"https:\/\/www.europesays.com\/se\/wp-json\/wp\/v2\/posts"}],"about":[{"href":"https:\/\/www.europesays.com\/se\/wp-json\/wp\/v2\/types\/post"}],"author":[{"embeddable":true,"href":"https:\/\/www.europesays.com\/se\/wp-json\/wp\/v2\/users\/2"}],"replies":[{"embeddable":true,"href":"https:\/\/www.europesays.com\/se\/wp-json\/wp\/v2\/comments?post=51120"}],"version-history":[{"count":0,"href":"https:\/\/www.europesays.com\/se\/wp-json\/wp\/v2\/posts\/51120\/revisions"}],"wp:featuredmedia":[{"embeddable":true,"href":"https:\/\/www.europesays.com\/se\/wp-json\/wp\/v2\/media\/51121"}],"wp:attachment":[{"href":"https:\/\/www.europesays.com\/se\/wp-json\/wp\/v2\/media?parent=51120"}],"wp:term":[{"taxonomy":"category","embeddable":true,"href":"https:\/\/www.europesays.com\/se\/wp-json\/wp\/v2\/categories?post=51120"},{"taxonomy":"post_tag","embeddable":true,"href":"https:\/\/www.europesays.com\/se\/wp-json\/wp\/v2\/tags?post=51120"}],"curies":[{"name":"wp","href":"https:\/\/api.w.org\/{rel}","templated":true}]}}